{"id":1687,"date":"2023-03-29T09:48:10","date_gmt":"2023-03-29T12:48:10","guid":{"rendered":"https:\/\/aconquija.fmmiradio.com\/?p=1687"},"modified":"2023-03-29T09:52:54","modified_gmt":"2023-03-29T12:52:54","slug":"aumento-para-empleadas-domesticas","status":"publish","type":"post","link":"https:\/\/aconquija.fmmiradio.com\/?p=1687","title":{"rendered":"Aumento para empleadas dom\u00e9sticas"},"content":{"rendered":"\n<figure class=\"wp-block-image size-full is-resized\"><img loading=\"lazy\" decoding=\"async\" src=\"https:\/\/aconquija.fmmiradio.com\/wp-content\/uploads\/2023\/03\/bono-empleadas-domesticas-828x548-1.webp\" alt=\"\" class=\"wp-image-1688\" width=\"633\" height=\"419\" srcset=\"https:\/\/aconquija.fmmiradio.com\/wp-content\/uploads\/2023\/03\/bono-empleadas-domesticas-828x548-1.webp 828w, https:\/\/aconquija.fmmiradio.com\/wp-content\/uploads\/2023\/03\/bono-empleadas-domesticas-828x548-1-300x199.webp 300w, https:\/\/aconquija.fmmiradio.com\/wp-content\/uploads\/2023\/03\/bono-empleadas-domesticas-828x548-1-768x508.webp 768w, https:\/\/aconquija.fmmiradio.com\/wp-content\/uploads\/2023\/03\/bono-empleadas-domesticas-828x548-1-310x205.webp 310w\" sizes=\"(max-width: 633px) 100vw, 633px\" \/><\/figure>\n\n\n\n<p>Tras una reuni\u00f3n entre el Gobierno Nacional y la Comisi\u00f3n Nacional de Trabajo en Casas Particulares, se acordaron  los incrementos que percibir\u00e1n las trabajadoras de ese sector a partir del mes de abril. <\/p>\n\n\n\n<p>Se trata de aumentos no acumulativos del 14% en Abril, 7% en mayo y otro 6% en Junio. Asimismo se acord\u00f3 una nueva convocatoria de negociaci\u00f3n para el 25 de julio. <\/p>\n\n\n\n<p>De esta manera, la escala salarial quedar\u00e1 conformada de la siguiente manera para el mes de mayo:<\/p>\n\n\n\n<p><strong>SUPERVISORA<\/strong>: con Retiro $892 por hora,  $111.439 mensuales; Sin Retiro: $977 por hora, $124.131 mensuales.<\/p>\n\n\n\n<p><strong>PERSONAL PARA TAREAS<\/strong> <strong>ESPEC\u00cdFICAS<\/strong>: con retiro $844 por hora, $103.533 mensuales; Sin Retiro $926 por hora, $115.250 mensuales.<\/p>\n\n\n\n<p><strong>CASEROS<\/strong>: con retiro $798 por hora, $101.013 mensuales; <\/p>\n\n\n\n<p><strong>CUIDADO DE PERSONAS<\/strong>: con retiro $798 por hora, $101.013 mensuales; Sin Retiro $892 por hora, $112.569 mensuales.<\/p>\n\n\n\n<p><strong>PERSONAL PARA TAREAS GENERALES<\/strong>: con retiro $738 por hora, $90.840 mensuales; Sin Retiro $797 por hora, $101.013 mensuales.<\/p>\n","protected":false},"excerpt":{"rendered":"<p>Tras una reuni\u00f3n entre el Gobierno Nacional y la Comisi\u00f3n Nacional de Trabajo en Casas Particulares, se acordaron los incrementos que percibir\u00e1n las trabajadoras de ese sector a partir del mes de abril. Se trata de aumentos no acumulativos del 14% en Abril, 7% en mayo y otro 6% en Junio. Asimismo se acord\u00f3 una &hellip;<\/p>\n","protected":false},"author":4,"featured_media":0,"comment_status":"open","ping_status":"open","sticky":false,"template":"","format":"standard","meta":{"footnotes":""},"categories":[66],"tags":[110,108,109,111,107,112],"class_list":["post-1687","post","type-post","status-publish","format-standard","","category-nacionales","tag-economia","tag-empleadas","tag-inflacion","tag-locales","tag-salarios","tag-sueldos"],"yoast_head":"<!-- This site is optimized with the Yoast SEO plugin v19.9 - https:\/\/yoast.com\/wordpress\/plugins\/seo\/ -->\n<title>Aumento para empleadas dom\u00e9sticas - PORTAL NOTICIAS<\/title>\n<meta name=\"robots\" content=\"index, follow, max-snippet:-1, max-image-preview:large, max-video-preview:-1\" \/>\n<link rel=\"canonical\" href=\"https:\/\/aconquija.fmmiradio.com\/?p=1687\" \/>\n<meta property=\"og:locale\" content=\"es_ES\" \/>\n<meta property=\"og:type\" content=\"article\" \/>\n<meta property=\"og:title\" content=\"Aumento para empleadas dom\u00e9sticas - PORTAL NOTICIAS\" \/>\n<meta property=\"og:description\" content=\"Tras una reuni\u00f3n entre el Gobierno Nacional y la Comisi\u00f3n Nacional de Trabajo en Casas Particulares, se acordaron los incrementos que percibir\u00e1n las trabajadoras de ese sector a partir del mes de abril. Se trata de aumentos no acumulativos del 14% en Abril, 7% en mayo y otro 6% en Junio. Asimismo se acord\u00f3 una &hellip;\" \/>\n<meta property=\"og:url\" content=\"https:\/\/aconquija.fmmiradio.com\/?p=1687\" \/>\n<meta property=\"og:site_name\" content=\"PORTAL NOTICIAS\" \/>\n<meta property=\"article:published_time\" content=\"2023-03-29T12:48:10+00:00\" \/>\n<meta property=\"article:modified_time\" content=\"2023-03-29T12:52:54+00:00\" \/>\n<meta property=\"og:image\" content=\"https:\/\/aconquija.fmmiradio.com\/wp-content\/uploads\/2023\/03\/bono-empleadas-domesticas-828x548-1.webp\" \/>\n<meta name=\"author\" content=\"laaconquija\" \/>\n<meta name=\"twitter:card\" content=\"summary_large_image\" \/>\n<meta name=\"twitter:label1\" content=\"Escrito por\" \/>\n\t<meta name=\"twitter:data1\" content=\"laaconquija\" \/>\n\t<meta name=\"twitter:label2\" content=\"Tiempo de lectura\" \/>\n\t<meta name=\"twitter:data2\" content=\"1 minuto\" \/>\n<script type=\"application\/ld+json\" class=\"yoast-schema-graph\">{\"@context\":\"https:\/\/schema.org\",\"@graph\":[{\"@type\":\"WebPage\",\"@id\":\"https:\/\/aconquija.fmmiradio.com\/?p=1687\",\"url\":\"https:\/\/aconquija.fmmiradio.com\/?p=1687\",\"name\":\"Aumento para empleadas dom\u00e9sticas - PORTAL NOTICIAS\",\"isPartOf\":{\"@id\":\"https:\/\/aconquija.fmmiradio.com\/#website\"},\"datePublished\":\"2023-03-29T12:48:10+00:00\",\"dateModified\":\"2023-03-29T12:52:54+00:00\",\"author\":{\"@id\":\"https:\/\/aconquija.fmmiradio.com\/#\/schema\/person\/de2d4f9f3072a99cc35eee3b24374870\"},\"breadcrumb\":{\"@id\":\"https:\/\/aconquija.fmmiradio.com\/?p=1687#breadcrumb\"},\"inLanguage\":\"es\",\"potentialAction\":[{\"@type\":\"ReadAction\",\"target\":[\"https:\/\/aconquija.fmmiradio.com\/?p=1687\"]}]},{\"@type\":\"BreadcrumbList\",\"@id\":\"https:\/\/aconquija.fmmiradio.com\/?p=1687#breadcrumb\",\"itemListElement\":[{\"@type\":\"ListItem\",\"position\":1,\"name\":\"Portada\",\"item\":\"https:\/\/aconquija.fmmiradio.com\/\"},{\"@type\":\"ListItem\",\"position\":2,\"name\":\"Aumento para empleadas dom\u00e9sticas\"}]},{\"@type\":\"WebSite\",\"@id\":\"https:\/\/aconquija.fmmiradio.com\/#website\",\"url\":\"https:\/\/aconquija.fmmiradio.com\/\",\"name\":\"PORTAL NOTICIAS\",\"description\":\"\",\"potentialAction\":[{\"@type\":\"SearchAction\",\"target\":{\"@type\":\"EntryPoint\",\"urlTemplate\":\"https:\/\/aconquija.fmmiradio.com\/?s={search_term_string}\"},\"query-input\":\"required name=search_term_string\"}],\"inLanguage\":\"es\"},{\"@type\":\"Person\",\"@id\":\"https:\/\/aconquija.fmmiradio.com\/#\/schema\/person\/de2d4f9f3072a99cc35eee3b24374870\",\"name\":\"laaconquija\",\"image\":{\"@type\":\"ImageObject\",\"inLanguage\":\"es\",\"@id\":\"https:\/\/aconquija.fmmiradio.com\/#\/schema\/person\/image\/\",\"url\":\"https:\/\/secure.gravatar.com\/avatar\/44f4423b099f16a112aea17b0ad205d3?s=96&d=mm&r=g\",\"contentUrl\":\"https:\/\/secure.gravatar.com\/avatar\/44f4423b099f16a112aea17b0ad205d3?s=96&d=mm&r=g\",\"caption\":\"laaconquija\"},\"url\":\"https:\/\/aconquija.fmmiradio.com\/?author=4\"}]}<\/script>\n<!-- \/ Yoast SEO plugin. -->","yoast_head_json":{"title":"Aumento para empleadas dom\u00e9sticas - PORTAL NOTICIAS","robots":{"index":"index","follow":"follow","max-snippet":"max-snippet:-1","max-image-preview":"max-image-preview:large","max-video-preview":"max-video-preview:-1"},"canonical":"https:\/\/aconquija.fmmiradio.com\/?p=1687","og_locale":"es_ES","og_type":"article","og_title":"Aumento para empleadas dom\u00e9sticas - PORTAL NOTICIAS","og_description":"Tras una reuni\u00f3n entre el Gobierno Nacional y la Comisi\u00f3n Nacional de Trabajo en Casas Particulares, se acordaron los incrementos que percibir\u00e1n las trabajadoras de ese sector a partir del mes de abril. Se trata de aumentos no acumulativos del 14% en Abril, 7% en mayo y otro 6% en Junio. Asimismo se acord\u00f3 una &hellip;","og_url":"https:\/\/aconquija.fmmiradio.com\/?p=1687","og_site_name":"PORTAL NOTICIAS","article_published_time":"2023-03-29T12:48:10+00:00","article_modified_time":"2023-03-29T12:52:54+00:00","og_image":[{"url":"https:\/\/aconquija.fmmiradio.com\/wp-content\/uploads\/2023\/03\/bono-empleadas-domesticas-828x548-1.webp"}],"author":"laaconquija","twitter_card":"summary_large_image","twitter_misc":{"Escrito por":"laaconquija","Tiempo de lectura":"1 minuto"},"schema":{"@context":"https:\/\/schema.org","@graph":[{"@type":"WebPage","@id":"https:\/\/aconquija.fmmiradio.com\/?p=1687","url":"https:\/\/aconquija.fmmiradio.com\/?p=1687","name":"Aumento para empleadas dom\u00e9sticas - PORTAL NOTICIAS","isPartOf":{"@id":"https:\/\/aconquija.fmmiradio.com\/#website"},"datePublished":"2023-03-29T12:48:10+00:00","dateModified":"2023-03-29T12:52:54+00:00","author":{"@id":"https:\/\/aconquija.fmmiradio.com\/#\/schema\/person\/de2d4f9f3072a99cc35eee3b24374870"},"breadcrumb":{"@id":"https:\/\/aconquija.fmmiradio.com\/?p=1687#breadcrumb"},"inLanguage":"es","potentialAction":[{"@type":"ReadAction","target":["https:\/\/aconquija.fmmiradio.com\/?p=1687"]}]},{"@type":"BreadcrumbList","@id":"https:\/\/aconquija.fmmiradio.com\/?p=1687#breadcrumb","itemListElement":[{"@type":"ListItem","position":1,"name":"Portada","item":"https:\/\/aconquija.fmmiradio.com\/"},{"@type":"ListItem","position":2,"name":"Aumento para empleadas dom\u00e9sticas"}]},{"@type":"WebSite","@id":"https:\/\/aconquija.fmmiradio.com\/#website","url":"https:\/\/aconquija.fmmiradio.com\/","name":"PORTAL NOTICIAS","description":"","potentialAction":[{"@type":"SearchAction","target":{"@type":"EntryPoint","urlTemplate":"https:\/\/aconquija.fmmiradio.com\/?s={search_term_string}"},"query-input":"required name=search_term_string"}],"inLanguage":"es"},{"@type":"Person","@id":"https:\/\/aconquija.fmmiradio.com\/#\/schema\/person\/de2d4f9f3072a99cc35eee3b24374870","name":"laaconquija","image":{"@type":"ImageObject","inLanguage":"es","@id":"https:\/\/aconquija.fmmiradio.com\/#\/schema\/person\/image\/","url":"https:\/\/secure.gravatar.com\/avatar\/44f4423b099f16a112aea17b0ad205d3?s=96&d=mm&r=g","contentUrl":"https:\/\/secure.gravatar.com\/avatar\/44f4423b099f16a112aea17b0ad205d3?s=96&d=mm&r=g","caption":"laaconquija"},"url":"https:\/\/aconquija.fmmiradio.com\/?author=4"}]}},"_links":{"self":[{"href":"https:\/\/aconquija.fmmiradio.com\/index.php?rest_route=\/wp\/v2\/posts\/1687"}],"collection":[{"href":"https:\/\/aconquija.fmmiradio.com\/index.php?rest_route=\/wp\/v2\/posts"}],"about":[{"href":"https:\/\/aconquija.fmmiradio.com\/index.php?rest_route=\/wp\/v2\/types\/post"}],"author":[{"embeddable":true,"href":"https:\/\/aconquija.fmmiradio.com\/index.php?rest_route=\/wp\/v2\/users\/4"}],"replies":[{"embeddable":true,"href":"https:\/\/aconquija.fmmiradio.com\/index.php?rest_route=%2Fwp%2Fv2%2Fcomments&post=1687"}],"version-history":[{"count":1,"href":"https:\/\/aconquija.fmmiradio.com\/index.php?rest_route=\/wp\/v2\/posts\/1687\/revisions"}],"predecessor-version":[{"id":1689,"href":"https:\/\/aconquija.fmmiradio.com\/index.php?rest_route=\/wp\/v2\/posts\/1687\/revisions\/1689"}],"wp:attachment":[{"href":"https:\/\/aconquija.fmmiradio.com\/index.php?rest_route=%2Fwp%2Fv2%2Fmedia&parent=1687"}],"wp:term":[{"taxonomy":"category","embeddable":true,"href":"https:\/\/aconquija.fmmiradio.com\/index.php?rest_route=%2Fwp%2Fv2%2Fcategories&post=1687"},{"taxonomy":"post_tag","embeddable":true,"href":"https:\/\/aconquija.fmmiradio.com\/index.php?rest_route=%2Fwp%2Fv2%2Ftags&post=1687"}],"curies":[{"name":"wp","href":"https:\/\/api.w.org\/{rel}","templated":true}]}}