{"id":1694,"date":"2023-03-29T13:01:10","date_gmt":"2023-03-29T16:01:10","guid":{"rendered":"https:\/\/aconquija.fmmiradio.com\/?p=1694"},"modified":"2023-03-29T13:04:33","modified_gmt":"2023-03-29T16:04:33","slug":"la-manana-de-aconquija-se-renueva","status":"publish","type":"post","link":"https:\/\/aconquija.fmmiradio.com\/?p=1694","title":{"rendered":"La Ma\u00f1ana de ACONQUIJA se renueva"},"content":{"rendered":"\n<figure class=\"wp-block-image size-large\"><img loading=\"lazy\" decoding=\"async\" width=\"1024\" height=\"565\" src=\"https:\/\/aconquija.fmmiradio.com\/wp-content\/uploads\/2023\/03\/PhotoGrid_Site_1678649415369-1024x565.png\" alt=\"\" class=\"wp-image-1695\" srcset=\"https:\/\/aconquija.fmmiradio.com\/wp-content\/uploads\/2023\/03\/PhotoGrid_Site_1678649415369-1024x565.png 1024w, https:\/\/aconquija.fmmiradio.com\/wp-content\/uploads\/2023\/03\/PhotoGrid_Site_1678649415369-300x165.png 300w, https:\/\/aconquija.fmmiradio.com\/wp-content\/uploads\/2023\/03\/PhotoGrid_Site_1678649415369-768x423.png 768w, https:\/\/aconquija.fmmiradio.com\/wp-content\/uploads\/2023\/03\/PhotoGrid_Site_1678649415369-1536x847.png 1536w, https:\/\/aconquija.fmmiradio.com\/wp-content\/uploads\/2023\/03\/PhotoGrid_Site_1678649415369.png 1857w\" sizes=\"(max-width: 1024px) 100vw, 1024px\" \/><figcaption class=\"wp-element-caption\">La ma\u00f1ana de Aconquija con Jorge Altamiranda<\/figcaption><\/figure>\n\n\n\n<p>De lunes a viernes de 8 a 11 hs te invitamos a escuchar la ma\u00f1ana m\u00e1s activa de la radio de los lule\u00f1os. Con la conducci\u00f3n de Jorge Altamiranda y un gran equipo vas a compartir lo mejor de la m\u00fasica, combinado con noticias, informaci\u00f3n y la mejor onda. Comun\u00edcate al 3815991921 y en Facebook a trav\u00e9s de \u00abLa Ma\u00f1ana de Aconquija\u00bb <\/p>\n","protected":false},"excerpt":{"rendered":"<p>La ma\u00f1ana de Aconquija con Jorge Altamiranda De lunes a viernes de 8 a 11 hs te invitamos a escuchar la ma\u00f1ana m\u00e1s activa de la radio de los lule\u00f1os. Con la conducci\u00f3n de Jorge Altamiranda y un gran equipo vas a compartir lo mejor de la m\u00fasica, combinado con noticias, informaci\u00f3n y la mejor &hellip;<\/p>\n","protected":false},"author":4,"featured_media":0,"comment_status":"open","ping_status":"open","sticky":false,"template":"","format":"standard","meta":{"footnotes":""},"categories":[66,101],"tags":[119,117,115,116,118,114,113],"class_list":["post-1694","post","type-post","status-publish","format-standard","","category-nacionales","category-provincias","tag-actualidad","tag-informacion","tag-manana","tag-musica","tag-noticias","tag-programacion","tag-radio"],"yoast_head":"<!-- This site is optimized with the Yoast SEO plugin v19.9 - https:\/\/yoast.com\/wordpress\/plugins\/seo\/ -->\n<title>La Ma\u00f1ana de Aconquija se Renueva<\/title>\n<meta name=\"robots\" content=\"index, follow, max-snippet:-1, max-image-preview:large, max-video-preview:-1\" \/>\n<link rel=\"canonical\" href=\"https:\/\/aconquija.fmmiradio.com\/?p=1694\" \/>\n<meta property=\"og:locale\" content=\"es_ES\" \/>\n<meta property=\"og:type\" content=\"article\" \/>\n<meta property=\"og:title\" content=\"La Ma\u00f1ana de Aconquija se Renueva\" \/>\n<meta property=\"og:description\" content=\"La ma\u00f1ana de Aconquija con Jorge Altamiranda De lunes a viernes de 8 a 11 hs te invitamos a escuchar la ma\u00f1ana m\u00e1s activa de la radio de los lule\u00f1os. Con la conducci\u00f3n de Jorge Altamiranda y un gran equipo vas a compartir lo mejor de la m\u00fasica, combinado con noticias, informaci\u00f3n y la mejor &hellip;\" \/>\n<meta property=\"og:url\" content=\"https:\/\/aconquija.fmmiradio.com\/?p=1694\" \/>\n<meta property=\"og:site_name\" content=\"PORTAL NOTICIAS\" \/>\n<meta property=\"article:published_time\" content=\"2023-03-29T16:01:10+00:00\" \/>\n<meta property=\"article:modified_time\" content=\"2023-03-29T16:04:33+00:00\" \/>\n<meta property=\"og:image\" content=\"https:\/\/aconquija.fmmiradio.com\/wp-content\/uploads\/2023\/03\/PhotoGrid_Site_1678649415369-1024x565.png\" \/>\n<meta name=\"author\" content=\"laaconquija\" \/>\n<meta name=\"twitter:card\" content=\"summary_large_image\" \/>\n<meta name=\"twitter:label1\" content=\"Escrito por\" \/>\n\t<meta name=\"twitter:data1\" content=\"laaconquija\" \/>\n\t<meta name=\"twitter:label2\" content=\"Tiempo de lectura\" \/>\n\t<meta name=\"twitter:data2\" content=\"1 minuto\" \/>\n<script type=\"application\/ld+json\" class=\"yoast-schema-graph\">{\"@context\":\"https:\/\/schema.org\",\"@graph\":[{\"@type\":\"WebPage\",\"@id\":\"https:\/\/aconquija.fmmiradio.com\/?p=1694\",\"url\":\"https:\/\/aconquija.fmmiradio.com\/?p=1694\",\"name\":\"La Ma\u00f1ana de Aconquija se Renueva\",\"isPartOf\":{\"@id\":\"https:\/\/aconquija.fmmiradio.com\/#website\"},\"datePublished\":\"2023-03-29T16:01:10+00:00\",\"dateModified\":\"2023-03-29T16:04:33+00:00\",\"author\":{\"@id\":\"https:\/\/aconquija.fmmiradio.com\/#\/schema\/person\/de2d4f9f3072a99cc35eee3b24374870\"},\"breadcrumb\":{\"@id\":\"https:\/\/aconquija.fmmiradio.com\/?p=1694#breadcrumb\"},\"inLanguage\":\"es\",\"potentialAction\":[{\"@type\":\"ReadAction\",\"target\":[\"https:\/\/aconquija.fmmiradio.com\/?p=1694\"]}]},{\"@type\":\"BreadcrumbList\",\"@id\":\"https:\/\/aconquija.fmmiradio.com\/?p=1694#breadcrumb\",\"itemListElement\":[{\"@type\":\"ListItem\",\"position\":1,\"name\":\"Portada\",\"item\":\"https:\/\/aconquija.fmmiradio.com\/\"},{\"@type\":\"ListItem\",\"position\":2,\"name\":\"La Ma\u00f1ana de ACONQUIJA se renueva\"}]},{\"@type\":\"WebSite\",\"@id\":\"https:\/\/aconquija.fmmiradio.com\/#website\",\"url\":\"https:\/\/aconquija.fmmiradio.com\/\",\"name\":\"PORTAL NOTICIAS\",\"description\":\"\",\"potentialAction\":[{\"@type\":\"SearchAction\",\"target\":{\"@type\":\"EntryPoint\",\"urlTemplate\":\"https:\/\/aconquija.fmmiradio.com\/?s={search_term_string}\"},\"query-input\":\"required name=search_term_string\"}],\"inLanguage\":\"es\"},{\"@type\":\"Person\",\"@id\":\"https:\/\/aconquija.fmmiradio.com\/#\/schema\/person\/de2d4f9f3072a99cc35eee3b24374870\",\"name\":\"laaconquija\",\"image\":{\"@type\":\"ImageObject\",\"inLanguage\":\"es\",\"@id\":\"https:\/\/aconquija.fmmiradio.com\/#\/schema\/person\/image\/\",\"url\":\"https:\/\/secure.gravatar.com\/avatar\/44f4423b099f16a112aea17b0ad205d3?s=96&d=mm&r=g\",\"contentUrl\":\"https:\/\/secure.gravatar.com\/avatar\/44f4423b099f16a112aea17b0ad205d3?s=96&d=mm&r=g\",\"caption\":\"laaconquija\"},\"url\":\"https:\/\/aconquija.fmmiradio.com\/?author=4\"}]}<\/script>\n<!-- \/ Yoast SEO plugin. -->","yoast_head_json":{"title":"La Ma\u00f1ana de Aconquija se Renueva","robots":{"index":"index","follow":"follow","max-snippet":"max-snippet:-1","max-image-preview":"max-image-preview:large","max-video-preview":"max-video-preview:-1"},"canonical":"https:\/\/aconquija.fmmiradio.com\/?p=1694","og_locale":"es_ES","og_type":"article","og_title":"La Ma\u00f1ana de Aconquija se Renueva","og_description":"La ma\u00f1ana de Aconquija con Jorge Altamiranda De lunes a viernes de 8 a 11 hs te invitamos a escuchar la ma\u00f1ana m\u00e1s activa de la radio de los lule\u00f1os. Con la conducci\u00f3n de Jorge Altamiranda y un gran equipo vas a compartir lo mejor de la m\u00fasica, combinado con noticias, informaci\u00f3n y la mejor &hellip;","og_url":"https:\/\/aconquija.fmmiradio.com\/?p=1694","og_site_name":"PORTAL NOTICIAS","article_published_time":"2023-03-29T16:01:10+00:00","article_modified_time":"2023-03-29T16:04:33+00:00","og_image":[{"url":"https:\/\/aconquija.fmmiradio.com\/wp-content\/uploads\/2023\/03\/PhotoGrid_Site_1678649415369-1024x565.png"}],"author":"laaconquija","twitter_card":"summary_large_image","twitter_misc":{"Escrito por":"laaconquija","Tiempo de lectura":"1 minuto"},"schema":{"@context":"https:\/\/schema.org","@graph":[{"@type":"WebPage","@id":"https:\/\/aconquija.fmmiradio.com\/?p=1694","url":"https:\/\/aconquija.fmmiradio.com\/?p=1694","name":"La Ma\u00f1ana de Aconquija se Renueva","isPartOf":{"@id":"https:\/\/aconquija.fmmiradio.com\/#website"},"datePublished":"2023-03-29T16:01:10+00:00","dateModified":"2023-03-29T16:04:33+00:00","author":{"@id":"https:\/\/aconquija.fmmiradio.com\/#\/schema\/person\/de2d4f9f3072a99cc35eee3b24374870"},"breadcrumb":{"@id":"https:\/\/aconquija.fmmiradio.com\/?p=1694#breadcrumb"},"inLanguage":"es","potentialAction":[{"@type":"ReadAction","target":["https:\/\/aconquija.fmmiradio.com\/?p=1694"]}]},{"@type":"BreadcrumbList","@id":"https:\/\/aconquija.fmmiradio.com\/?p=1694#breadcrumb","itemListElement":[{"@type":"ListItem","position":1,"name":"Portada","item":"https:\/\/aconquija.fmmiradio.com\/"},{"@type":"ListItem","position":2,"name":"La Ma\u00f1ana de ACONQUIJA se renueva"}]},{"@type":"WebSite","@id":"https:\/\/aconquija.fmmiradio.com\/#website","url":"https:\/\/aconquija.fmmiradio.com\/","name":"PORTAL NOTICIAS","description":"","potentialAction":[{"@type":"SearchAction","target":{"@type":"EntryPoint","urlTemplate":"https:\/\/aconquija.fmmiradio.com\/?s={search_term_string}"},"query-input":"required name=search_term_string"}],"inLanguage":"es"},{"@type":"Person","@id":"https:\/\/aconquija.fmmiradio.com\/#\/schema\/person\/de2d4f9f3072a99cc35eee3b24374870","name":"laaconquija","image":{"@type":"ImageObject","inLanguage":"es","@id":"https:\/\/aconquija.fmmiradio.com\/#\/schema\/person\/image\/","url":"https:\/\/secure.gravatar.com\/avatar\/44f4423b099f16a112aea17b0ad205d3?s=96&d=mm&r=g","contentUrl":"https:\/\/secure.gravatar.com\/avatar\/44f4423b099f16a112aea17b0ad205d3?s=96&d=mm&r=g","caption":"laaconquija"},"url":"https:\/\/aconquija.fmmiradio.com\/?author=4"}]}},"_links":{"self":[{"href":"https:\/\/aconquija.fmmiradio.com\/index.php?rest_route=\/wp\/v2\/posts\/1694"}],"collection":[{"href":"https:\/\/aconquija.fmmiradio.com\/index.php?rest_route=\/wp\/v2\/posts"}],"about":[{"href":"https:\/\/aconquija.fmmiradio.com\/index.php?rest_route=\/wp\/v2\/types\/post"}],"author":[{"embeddable":true,"href":"https:\/\/aconquija.fmmiradio.com\/index.php?rest_route=\/wp\/v2\/users\/4"}],"replies":[{"embeddable":true,"href":"https:\/\/aconquija.fmmiradio.com\/index.php?rest_route=%2Fwp%2Fv2%2Fcomments&post=1694"}],"version-history":[{"count":1,"href":"https:\/\/aconquija.fmmiradio.com\/index.php?rest_route=\/wp\/v2\/posts\/1694\/revisions"}],"predecessor-version":[{"id":1696,"href":"https:\/\/aconquija.fmmiradio.com\/index.php?rest_route=\/wp\/v2\/posts\/1694\/revisions\/1696"}],"wp:attachment":[{"href":"https:\/\/aconquija.fmmiradio.com\/index.php?rest_route=%2Fwp%2Fv2%2Fmedia&parent=1694"}],"wp:term":[{"taxonomy":"category","embeddable":true,"href":"https:\/\/aconquija.fmmiradio.com\/index.php?rest_route=%2Fwp%2Fv2%2Fcategories&post=1694"},{"taxonomy":"post_tag","embeddable":true,"href":"https:\/\/aconquija.fmmiradio.com\/index.php?rest_route=%2Fwp%2Fv2%2Ftags&post=1694"}],"curies":[{"name":"wp","href":"https:\/\/api.w.org\/{rel}","templated":true}]}}