{"id":1697,"date":"2023-03-30T09:11:15","date_gmt":"2023-03-30T12:11:15","guid":{"rendered":"https:\/\/aconquija.fmmiradio.com\/?p=1697"},"modified":"2023-03-30T09:11:16","modified_gmt":"2023-03-30T12:11:16","slug":"taxistas-de-la-capital-pediran-un-aumento-del-80","status":"publish","type":"post","link":"https:\/\/aconquija.fmmiradio.com\/?p=1697","title":{"rendered":"Taxistas de la Capital pedir\u00e1n un aumento del 80%"},"content":{"rendered":"\n<p>Julio Rodr\u00edguez, titular de la Asociaci\u00f3n de Conductores de Taxis de Tucum\u00e1n anticip\u00f3 que presentar\u00e1n ante el Concejo Deliberante un pedido de aumento de tarifa y medidas urgentes ante el avance de la competencia \u00abilegal\u00bb de Uber. <\/p>\n\n\n\n<figure class=\"wp-block-image size-full\"><img loading=\"lazy\" decoding=\"async\" width=\"259\" height=\"194\" src=\"https:\/\/aconquija.fmmiradio.com\/wp-content\/uploads\/2023\/03\/descarga.jpeg\" alt=\"\" class=\"wp-image-1698\" \/><\/figure>\n\n\n\n<p>Rodr\u00edguez denunci\u00f3 que \u00abla situaci\u00f3n es dif\u00edcil. al no realizarse los controles ni hacer que se cumplan las normas vigentes, nos topamos con un problema que nos sobrepasa a nosotros, y por supuesto eso incide directamente en la rentabilidad del taxi. <\/p>\n\n\n\n<p>fuente: Los Primeros<\/p>\n","protected":false},"excerpt":{"rendered":"<p>Julio Rodr\u00edguez, titular de la Asociaci\u00f3n de Conductores de Taxis de Tucum\u00e1n anticip\u00f3 que presentar\u00e1n ante el Concejo Deliberante un pedido de aumento de tarifa y medidas urgentes ante el avance de la competencia \u00abilegal\u00bb de Uber. Rodr\u00edguez denunci\u00f3 que \u00abla situaci\u00f3n es dif\u00edcil. al no realizarse los controles ni hacer que se cumplan las &hellip;<\/p>\n","protected":false},"author":4,"featured_media":0,"comment_status":"open","ping_status":"open","sticky":false,"template":"","format":"standard","meta":{"footnotes":""},"categories":[69],"tags":[110,109,121,120,122,123],"class_list":["post-1697","post","type-post","status-publish","format-standard","","category-localidades","tag-economia","tag-inflacion","tag-tarifa","tag-taxi","tag-transporte","tag-uber"],"yoast_head":"<!-- This site is optimized with the Yoast SEO plugin v19.9 - https:\/\/yoast.com\/wordpress\/plugins\/seo\/ -->\n<title>Taxistas de la Capital pedir\u00e1n un aumento del 80% - PORTAL NOTICIAS<\/title>\n<meta name=\"robots\" content=\"index, follow, max-snippet:-1, max-image-preview:large, max-video-preview:-1\" \/>\n<link rel=\"canonical\" href=\"https:\/\/aconquija.fmmiradio.com\/?p=1697\" \/>\n<meta property=\"og:locale\" content=\"es_ES\" \/>\n<meta property=\"og:type\" content=\"article\" \/>\n<meta property=\"og:title\" content=\"Taxistas de la Capital pedir\u00e1n un aumento del 80% - PORTAL NOTICIAS\" \/>\n<meta property=\"og:description\" content=\"Julio Rodr\u00edguez, titular de la Asociaci\u00f3n de Conductores de Taxis de Tucum\u00e1n anticip\u00f3 que presentar\u00e1n ante el Concejo Deliberante un pedido de aumento de tarifa y medidas urgentes ante el avance de la competencia \u00abilegal\u00bb de Uber. Rodr\u00edguez denunci\u00f3 que \u00abla situaci\u00f3n es dif\u00edcil. al no realizarse los controles ni hacer que se cumplan las &hellip;\" \/>\n<meta property=\"og:url\" content=\"https:\/\/aconquija.fmmiradio.com\/?p=1697\" \/>\n<meta property=\"og:site_name\" content=\"PORTAL NOTICIAS\" \/>\n<meta property=\"article:published_time\" content=\"2023-03-30T12:11:15+00:00\" \/>\n<meta property=\"article:modified_time\" content=\"2023-03-30T12:11:16+00:00\" \/>\n<meta property=\"og:image\" content=\"https:\/\/aconquija.fmmiradio.com\/wp-content\/uploads\/2023\/03\/descarga.jpeg\" \/>\n<meta name=\"author\" content=\"laaconquija\" \/>\n<meta name=\"twitter:card\" content=\"summary_large_image\" \/>\n<meta name=\"twitter:label1\" content=\"Escrito por\" \/>\n\t<meta name=\"twitter:data1\" content=\"laaconquija\" \/>\n\t<meta name=\"twitter:label2\" content=\"Tiempo de lectura\" \/>\n\t<meta name=\"twitter:data2\" content=\"1 minuto\" \/>\n<script type=\"application\/ld+json\" class=\"yoast-schema-graph\">{\"@context\":\"https:\/\/schema.org\",\"@graph\":[{\"@type\":\"WebPage\",\"@id\":\"https:\/\/aconquija.fmmiradio.com\/?p=1697\",\"url\":\"https:\/\/aconquija.fmmiradio.com\/?p=1697\",\"name\":\"Taxistas de la Capital pedir\u00e1n un aumento del 80% - PORTAL NOTICIAS\",\"isPartOf\":{\"@id\":\"https:\/\/aconquija.fmmiradio.com\/#website\"},\"datePublished\":\"2023-03-30T12:11:15+00:00\",\"dateModified\":\"2023-03-30T12:11:16+00:00\",\"author\":{\"@id\":\"https:\/\/aconquija.fmmiradio.com\/#\/schema\/person\/de2d4f9f3072a99cc35eee3b24374870\"},\"breadcrumb\":{\"@id\":\"https:\/\/aconquija.fmmiradio.com\/?p=1697#breadcrumb\"},\"inLanguage\":\"es\",\"potentialAction\":[{\"@type\":\"ReadAction\",\"target\":[\"https:\/\/aconquija.fmmiradio.com\/?p=1697\"]}]},{\"@type\":\"BreadcrumbList\",\"@id\":\"https:\/\/aconquija.fmmiradio.com\/?p=1697#breadcrumb\",\"itemListElement\":[{\"@type\":\"ListItem\",\"position\":1,\"name\":\"Portada\",\"item\":\"https:\/\/aconquija.fmmiradio.com\/\"},{\"@type\":\"ListItem\",\"position\":2,\"name\":\"Taxistas de la Capital pedir\u00e1n un aumento del 80%\"}]},{\"@type\":\"WebSite\",\"@id\":\"https:\/\/aconquija.fmmiradio.com\/#website\",\"url\":\"https:\/\/aconquija.fmmiradio.com\/\",\"name\":\"PORTAL NOTICIAS\",\"description\":\"\",\"potentialAction\":[{\"@type\":\"SearchAction\",\"target\":{\"@type\":\"EntryPoint\",\"urlTemplate\":\"https:\/\/aconquija.fmmiradio.com\/?s={search_term_string}\"},\"query-input\":\"required name=search_term_string\"}],\"inLanguage\":\"es\"},{\"@type\":\"Person\",\"@id\":\"https:\/\/aconquija.fmmiradio.com\/#\/schema\/person\/de2d4f9f3072a99cc35eee3b24374870\",\"name\":\"laaconquija\",\"image\":{\"@type\":\"ImageObject\",\"inLanguage\":\"es\",\"@id\":\"https:\/\/aconquija.fmmiradio.com\/#\/schema\/person\/image\/\",\"url\":\"https:\/\/secure.gravatar.com\/avatar\/44f4423b099f16a112aea17b0ad205d3?s=96&d=mm&r=g\",\"contentUrl\":\"https:\/\/secure.gravatar.com\/avatar\/44f4423b099f16a112aea17b0ad205d3?s=96&d=mm&r=g\",\"caption\":\"laaconquija\"},\"url\":\"https:\/\/aconquija.fmmiradio.com\/?author=4\"}]}<\/script>\n<!-- \/ Yoast SEO plugin. -->","yoast_head_json":{"title":"Taxistas de la Capital pedir\u00e1n un aumento del 80% - PORTAL NOTICIAS","robots":{"index":"index","follow":"follow","max-snippet":"max-snippet:-1","max-image-preview":"max-image-preview:large","max-video-preview":"max-video-preview:-1"},"canonical":"https:\/\/aconquija.fmmiradio.com\/?p=1697","og_locale":"es_ES","og_type":"article","og_title":"Taxistas de la Capital pedir\u00e1n un aumento del 80% - PORTAL NOTICIAS","og_description":"Julio Rodr\u00edguez, titular de la Asociaci\u00f3n de Conductores de Taxis de Tucum\u00e1n anticip\u00f3 que presentar\u00e1n ante el Concejo Deliberante un pedido de aumento de tarifa y medidas urgentes ante el avance de la competencia \u00abilegal\u00bb de Uber. Rodr\u00edguez denunci\u00f3 que \u00abla situaci\u00f3n es dif\u00edcil. al no realizarse los controles ni hacer que se cumplan las &hellip;","og_url":"https:\/\/aconquija.fmmiradio.com\/?p=1697","og_site_name":"PORTAL NOTICIAS","article_published_time":"2023-03-30T12:11:15+00:00","article_modified_time":"2023-03-30T12:11:16+00:00","og_image":[{"url":"https:\/\/aconquija.fmmiradio.com\/wp-content\/uploads\/2023\/03\/descarga.jpeg"}],"author":"laaconquija","twitter_card":"summary_large_image","twitter_misc":{"Escrito por":"laaconquija","Tiempo de lectura":"1 minuto"},"schema":{"@context":"https:\/\/schema.org","@graph":[{"@type":"WebPage","@id":"https:\/\/aconquija.fmmiradio.com\/?p=1697","url":"https:\/\/aconquija.fmmiradio.com\/?p=1697","name":"Taxistas de la Capital pedir\u00e1n un aumento del 80% - PORTAL NOTICIAS","isPartOf":{"@id":"https:\/\/aconquija.fmmiradio.com\/#website"},"datePublished":"2023-03-30T12:11:15+00:00","dateModified":"2023-03-30T12:11:16+00:00","author":{"@id":"https:\/\/aconquija.fmmiradio.com\/#\/schema\/person\/de2d4f9f3072a99cc35eee3b24374870"},"breadcrumb":{"@id":"https:\/\/aconquija.fmmiradio.com\/?p=1697#breadcrumb"},"inLanguage":"es","potentialAction":[{"@type":"ReadAction","target":["https:\/\/aconquija.fmmiradio.com\/?p=1697"]}]},{"@type":"BreadcrumbList","@id":"https:\/\/aconquija.fmmiradio.com\/?p=1697#breadcrumb","itemListElement":[{"@type":"ListItem","position":1,"name":"Portada","item":"https:\/\/aconquija.fmmiradio.com\/"},{"@type":"ListItem","position":2,"name":"Taxistas de la Capital pedir\u00e1n un aumento del 80%"}]},{"@type":"WebSite","@id":"https:\/\/aconquija.fmmiradio.com\/#website","url":"https:\/\/aconquija.fmmiradio.com\/","name":"PORTAL NOTICIAS","description":"","potentialAction":[{"@type":"SearchAction","target":{"@type":"EntryPoint","urlTemplate":"https:\/\/aconquija.fmmiradio.com\/?s={search_term_string}"},"query-input":"required name=search_term_string"}],"inLanguage":"es"},{"@type":"Person","@id":"https:\/\/aconquija.fmmiradio.com\/#\/schema\/person\/de2d4f9f3072a99cc35eee3b24374870","name":"laaconquija","image":{"@type":"ImageObject","inLanguage":"es","@id":"https:\/\/aconquija.fmmiradio.com\/#\/schema\/person\/image\/","url":"https:\/\/secure.gravatar.com\/avatar\/44f4423b099f16a112aea17b0ad205d3?s=96&d=mm&r=g","contentUrl":"https:\/\/secure.gravatar.com\/avatar\/44f4423b099f16a112aea17b0ad205d3?s=96&d=mm&r=g","caption":"laaconquija"},"url":"https:\/\/aconquija.fmmiradio.com\/?author=4"}]}},"_links":{"self":[{"href":"https:\/\/aconquija.fmmiradio.com\/index.php?rest_route=\/wp\/v2\/posts\/1697"}],"collection":[{"href":"https:\/\/aconquija.fmmiradio.com\/index.php?rest_route=\/wp\/v2\/posts"}],"about":[{"href":"https:\/\/aconquija.fmmiradio.com\/index.php?rest_route=\/wp\/v2\/types\/post"}],"author":[{"embeddable":true,"href":"https:\/\/aconquija.fmmiradio.com\/index.php?rest_route=\/wp\/v2\/users\/4"}],"replies":[{"embeddable":true,"href":"https:\/\/aconquija.fmmiradio.com\/index.php?rest_route=%2Fwp%2Fv2%2Fcomments&post=1697"}],"version-history":[{"count":1,"href":"https:\/\/aconquija.fmmiradio.com\/index.php?rest_route=\/wp\/v2\/posts\/1697\/revisions"}],"predecessor-version":[{"id":1699,"href":"https:\/\/aconquija.fmmiradio.com\/index.php?rest_route=\/wp\/v2\/posts\/1697\/revisions\/1699"}],"wp:attachment":[{"href":"https:\/\/aconquija.fmmiradio.com\/index.php?rest_route=%2Fwp%2Fv2%2Fmedia&parent=1697"}],"wp:term":[{"taxonomy":"category","embeddable":true,"href":"https:\/\/aconquija.fmmiradio.com\/index.php?rest_route=%2Fwp%2Fv2%2Fcategories&post=1697"},{"taxonomy":"post_tag","embeddable":true,"href":"https:\/\/aconquija.fmmiradio.com\/index.php?rest_route=%2Fwp%2Fv2%2Ftags&post=1697"}],"curies":[{"name":"wp","href":"https:\/\/api.w.org\/{rel}","templated":true}]}}