{"id":1708,"date":"2023-03-30T10:08:37","date_gmt":"2023-03-30T13:08:37","guid":{"rendered":"https:\/\/aconquija.fmmiradio.com\/?p=1708"},"modified":"2023-03-30T10:08:38","modified_gmt":"2023-03-30T13:08:38","slug":"detienen-al-narcotraficante-jorge-el-fantasma-granier-ruiz","status":"publish","type":"post","link":"https:\/\/aconquija.fmmiradio.com\/?p=1708","title":{"rendered":"Detienen al narcotraficante Jorge \u00abEl Fantasma\u00bb Granier Ruiz"},"content":{"rendered":"\n<figure class=\"wp-block-image size-full\"><img loading=\"lazy\" decoding=\"async\" width=\"640\" height=\"452\" src=\"https:\/\/aconquija.fmmiradio.com\/wp-content\/uploads\/2023\/03\/4253_fantasma-webp.webp\" alt=\"\" class=\"wp-image-1709\" srcset=\"https:\/\/aconquija.fmmiradio.com\/wp-content\/uploads\/2023\/03\/4253_fantasma-webp.webp 640w, https:\/\/aconquija.fmmiradio.com\/wp-content\/uploads\/2023\/03\/4253_fantasma-webp-300x212.webp 300w\" sizes=\"(max-width: 640px) 100vw, 640px\" \/><\/figure>\n\n\n\n<p>Se trata de un empresario Boliviano que se encontraba pr\u00f3fugo de la Justicia y contaba con pedido de Captura Internacional de Interpol.<\/p>\n\n\n\n<p>Fu\u00e9 detenido en el estado de Mat\u00f3 Grosso, Brasil, durante un operativo de rutina de la Polic\u00eda Rodoviaria Federal de Brasil. El pr\u00f3fugo se movilizaba en una camioneta Toyota Hilux junto a un hombre y una mujer, portando un documento falso que luego confes\u00f3 haber comprado por 5 mil reales en la ciudad de Par\u00e1. <\/p>\n\n\n\n<p> \u00abNono\u00bb Granier ser\u00eda, seg\u00fan la pesquisa, el encargado de cargar aviones con droga proveniente de Bolivia y Paraguay para ingresarla a la Argentina a trav\u00e9s de pistas clandestinas o mediante \u00abbombardeos\u00bb en pleno vuelo. <\/p>\n\n\n\n<p>Mediante una log\u00edstica que atravesaba varias provincias, los estupefacientes viajaban a manos de sus compradores, inclu\u00eddas varias bandas narcos como el clan Loza y Adelaida Castillo, en Salta; y Esteban Lindor Alvarado, en Rosario. <\/p>\n","protected":false},"excerpt":{"rendered":"<p>Se trata de un empresario Boliviano que se encontraba pr\u00f3fugo de la Justicia y contaba con pedido de Captura Internacional de Interpol. Fu\u00e9 detenido en el estado de Mat\u00f3 Grosso, Brasil, durante un operativo de rutina de la Polic\u00eda Rodoviaria Federal de Brasil. El pr\u00f3fugo se movilizaba en una camioneta Toyota Hilux junto a un &hellip;<\/p>\n","protected":false},"author":4,"featured_media":0,"comment_status":"open","ping_status":"open","sticky":false,"template":"","format":"standard","meta":{"footnotes":""},"categories":[77,101,105],"tags":[138,137,141,136,139,142,135,140],"class_list":["post-1708","post","type-post","status-publish","format-standard","","category-policiales","category-provincias","category-region","tag-bolivia","tag-brasil","tag-control","tag-detencion","tag-droga","tag-interpol","tag-narco","tag-policia"],"yoast_head":"<!-- This site is optimized with the Yoast SEO plugin v19.9 - https:\/\/yoast.com\/wordpress\/plugins\/seo\/ -->\n<title>Detienen al narcotraficante Jorge &quot;El Fantasma&quot; Granier Ruiz - PORTAL NOTICIAS<\/title>\n<meta name=\"robots\" content=\"index, follow, max-snippet:-1, max-image-preview:large, max-video-preview:-1\" \/>\n<link rel=\"canonical\" href=\"https:\/\/aconquija.fmmiradio.com\/?p=1708\" \/>\n<meta property=\"og:locale\" content=\"es_ES\" \/>\n<meta property=\"og:type\" content=\"article\" \/>\n<meta property=\"og:title\" content=\"Detienen al narcotraficante Jorge &quot;El Fantasma&quot; Granier Ruiz - PORTAL NOTICIAS\" \/>\n<meta property=\"og:description\" content=\"Se trata de un empresario Boliviano que se encontraba pr\u00f3fugo de la Justicia y contaba con pedido de Captura Internacional de Interpol. Fu\u00e9 detenido en el estado de Mat\u00f3 Grosso, Brasil, durante un operativo de rutina de la Polic\u00eda Rodoviaria Federal de Brasil. El pr\u00f3fugo se movilizaba en una camioneta Toyota Hilux junto a un &hellip;\" \/>\n<meta property=\"og:url\" content=\"https:\/\/aconquija.fmmiradio.com\/?p=1708\" \/>\n<meta property=\"og:site_name\" content=\"PORTAL NOTICIAS\" \/>\n<meta property=\"article:published_time\" content=\"2023-03-30T13:08:37+00:00\" \/>\n<meta property=\"article:modified_time\" content=\"2023-03-30T13:08:38+00:00\" \/>\n<meta property=\"og:image\" content=\"https:\/\/aconquija.fmmiradio.com\/wp-content\/uploads\/2023\/03\/4253_fantasma-webp.webp\" \/>\n<meta name=\"author\" content=\"laaconquija\" \/>\n<meta name=\"twitter:card\" content=\"summary_large_image\" \/>\n<meta name=\"twitter:label1\" content=\"Escrito por\" \/>\n\t<meta name=\"twitter:data1\" content=\"laaconquija\" \/>\n\t<meta name=\"twitter:label2\" content=\"Tiempo de lectura\" \/>\n\t<meta name=\"twitter:data2\" content=\"1 minuto\" \/>\n<script type=\"application\/ld+json\" class=\"yoast-schema-graph\">{\"@context\":\"https:\/\/schema.org\",\"@graph\":[{\"@type\":\"WebPage\",\"@id\":\"https:\/\/aconquija.fmmiradio.com\/?p=1708\",\"url\":\"https:\/\/aconquija.fmmiradio.com\/?p=1708\",\"name\":\"Detienen al narcotraficante Jorge \\\"El Fantasma\\\" Granier Ruiz - PORTAL NOTICIAS\",\"isPartOf\":{\"@id\":\"https:\/\/aconquija.fmmiradio.com\/#website\"},\"datePublished\":\"2023-03-30T13:08:37+00:00\",\"dateModified\":\"2023-03-30T13:08:38+00:00\",\"author\":{\"@id\":\"https:\/\/aconquija.fmmiradio.com\/#\/schema\/person\/de2d4f9f3072a99cc35eee3b24374870\"},\"breadcrumb\":{\"@id\":\"https:\/\/aconquija.fmmiradio.com\/?p=1708#breadcrumb\"},\"inLanguage\":\"es\",\"potentialAction\":[{\"@type\":\"ReadAction\",\"target\":[\"https:\/\/aconquija.fmmiradio.com\/?p=1708\"]}]},{\"@type\":\"BreadcrumbList\",\"@id\":\"https:\/\/aconquija.fmmiradio.com\/?p=1708#breadcrumb\",\"itemListElement\":[{\"@type\":\"ListItem\",\"position\":1,\"name\":\"Portada\",\"item\":\"https:\/\/aconquija.fmmiradio.com\/\"},{\"@type\":\"ListItem\",\"position\":2,\"name\":\"Detienen al narcotraficante Jorge \u00abEl Fantasma\u00bb Granier Ruiz\"}]},{\"@type\":\"WebSite\",\"@id\":\"https:\/\/aconquija.fmmiradio.com\/#website\",\"url\":\"https:\/\/aconquija.fmmiradio.com\/\",\"name\":\"PORTAL NOTICIAS\",\"description\":\"\",\"potentialAction\":[{\"@type\":\"SearchAction\",\"target\":{\"@type\":\"EntryPoint\",\"urlTemplate\":\"https:\/\/aconquija.fmmiradio.com\/?s={search_term_string}\"},\"query-input\":\"required name=search_term_string\"}],\"inLanguage\":\"es\"},{\"@type\":\"Person\",\"@id\":\"https:\/\/aconquija.fmmiradio.com\/#\/schema\/person\/de2d4f9f3072a99cc35eee3b24374870\",\"name\":\"laaconquija\",\"image\":{\"@type\":\"ImageObject\",\"inLanguage\":\"es\",\"@id\":\"https:\/\/aconquija.fmmiradio.com\/#\/schema\/person\/image\/\",\"url\":\"https:\/\/secure.gravatar.com\/avatar\/44f4423b099f16a112aea17b0ad205d3?s=96&d=mm&r=g\",\"contentUrl\":\"https:\/\/secure.gravatar.com\/avatar\/44f4423b099f16a112aea17b0ad205d3?s=96&d=mm&r=g\",\"caption\":\"laaconquija\"},\"url\":\"https:\/\/aconquija.fmmiradio.com\/?author=4\"}]}<\/script>\n<!-- \/ Yoast SEO plugin. -->","yoast_head_json":{"title":"Detienen al narcotraficante Jorge \"El Fantasma\" Granier Ruiz - PORTAL NOTICIAS","robots":{"index":"index","follow":"follow","max-snippet":"max-snippet:-1","max-image-preview":"max-image-preview:large","max-video-preview":"max-video-preview:-1"},"canonical":"https:\/\/aconquija.fmmiradio.com\/?p=1708","og_locale":"es_ES","og_type":"article","og_title":"Detienen al narcotraficante Jorge \"El Fantasma\" Granier Ruiz - PORTAL NOTICIAS","og_description":"Se trata de un empresario Boliviano que se encontraba pr\u00f3fugo de la Justicia y contaba con pedido de Captura Internacional de Interpol. Fu\u00e9 detenido en el estado de Mat\u00f3 Grosso, Brasil, durante un operativo de rutina de la Polic\u00eda Rodoviaria Federal de Brasil. El pr\u00f3fugo se movilizaba en una camioneta Toyota Hilux junto a un &hellip;","og_url":"https:\/\/aconquija.fmmiradio.com\/?p=1708","og_site_name":"PORTAL NOTICIAS","article_published_time":"2023-03-30T13:08:37+00:00","article_modified_time":"2023-03-30T13:08:38+00:00","og_image":[{"url":"https:\/\/aconquija.fmmiradio.com\/wp-content\/uploads\/2023\/03\/4253_fantasma-webp.webp"}],"author":"laaconquija","twitter_card":"summary_large_image","twitter_misc":{"Escrito por":"laaconquija","Tiempo de lectura":"1 minuto"},"schema":{"@context":"https:\/\/schema.org","@graph":[{"@type":"WebPage","@id":"https:\/\/aconquija.fmmiradio.com\/?p=1708","url":"https:\/\/aconquija.fmmiradio.com\/?p=1708","name":"Detienen al narcotraficante Jorge \"El Fantasma\" Granier Ruiz - PORTAL NOTICIAS","isPartOf":{"@id":"https:\/\/aconquija.fmmiradio.com\/#website"},"datePublished":"2023-03-30T13:08:37+00:00","dateModified":"2023-03-30T13:08:38+00:00","author":{"@id":"https:\/\/aconquija.fmmiradio.com\/#\/schema\/person\/de2d4f9f3072a99cc35eee3b24374870"},"breadcrumb":{"@id":"https:\/\/aconquija.fmmiradio.com\/?p=1708#breadcrumb"},"inLanguage":"es","potentialAction":[{"@type":"ReadAction","target":["https:\/\/aconquija.fmmiradio.com\/?p=1708"]}]},{"@type":"BreadcrumbList","@id":"https:\/\/aconquija.fmmiradio.com\/?p=1708#breadcrumb","itemListElement":[{"@type":"ListItem","position":1,"name":"Portada","item":"https:\/\/aconquija.fmmiradio.com\/"},{"@type":"ListItem","position":2,"name":"Detienen al narcotraficante Jorge \u00abEl Fantasma\u00bb Granier Ruiz"}]},{"@type":"WebSite","@id":"https:\/\/aconquija.fmmiradio.com\/#website","url":"https:\/\/aconquija.fmmiradio.com\/","name":"PORTAL NOTICIAS","description":"","potentialAction":[{"@type":"SearchAction","target":{"@type":"EntryPoint","urlTemplate":"https:\/\/aconquija.fmmiradio.com\/?s={search_term_string}"},"query-input":"required name=search_term_string"}],"inLanguage":"es"},{"@type":"Person","@id":"https:\/\/aconquija.fmmiradio.com\/#\/schema\/person\/de2d4f9f3072a99cc35eee3b24374870","name":"laaconquija","image":{"@type":"ImageObject","inLanguage":"es","@id":"https:\/\/aconquija.fmmiradio.com\/#\/schema\/person\/image\/","url":"https:\/\/secure.gravatar.com\/avatar\/44f4423b099f16a112aea17b0ad205d3?s=96&d=mm&r=g","contentUrl":"https:\/\/secure.gravatar.com\/avatar\/44f4423b099f16a112aea17b0ad205d3?s=96&d=mm&r=g","caption":"laaconquija"},"url":"https:\/\/aconquija.fmmiradio.com\/?author=4"}]}},"_links":{"self":[{"href":"https:\/\/aconquija.fmmiradio.com\/index.php?rest_route=\/wp\/v2\/posts\/1708"}],"collection":[{"href":"https:\/\/aconquija.fmmiradio.com\/index.php?rest_route=\/wp\/v2\/posts"}],"about":[{"href":"https:\/\/aconquija.fmmiradio.com\/index.php?rest_route=\/wp\/v2\/types\/post"}],"author":[{"embeddable":true,"href":"https:\/\/aconquija.fmmiradio.com\/index.php?rest_route=\/wp\/v2\/users\/4"}],"replies":[{"embeddable":true,"href":"https:\/\/aconquija.fmmiradio.com\/index.php?rest_route=%2Fwp%2Fv2%2Fcomments&post=1708"}],"version-history":[{"count":1,"href":"https:\/\/aconquija.fmmiradio.com\/index.php?rest_route=\/wp\/v2\/posts\/1708\/revisions"}],"predecessor-version":[{"id":1710,"href":"https:\/\/aconquija.fmmiradio.com\/index.php?rest_route=\/wp\/v2\/posts\/1708\/revisions\/1710"}],"wp:attachment":[{"href":"https:\/\/aconquija.fmmiradio.com\/index.php?rest_route=%2Fwp%2Fv2%2Fmedia&parent=1708"}],"wp:term":[{"taxonomy":"category","embeddable":true,"href":"https:\/\/aconquija.fmmiradio.com\/index.php?rest_route=%2Fwp%2Fv2%2Fcategories&post=1708"},{"taxonomy":"post_tag","embeddable":true,"href":"https:\/\/aconquija.fmmiradio.com\/index.php?rest_route=%2Fwp%2Fv2%2Ftags&post=1708"}],"curies":[{"name":"wp","href":"https:\/\/api.w.org\/{rel}","templated":true}]}}