{"id":1717,"date":"2023-04-06T14:16:39","date_gmt":"2023-04-06T17:16:39","guid":{"rendered":"https:\/\/aconquija.fmmiradio.com\/?p=1717"},"modified":"2023-04-06T14:16:40","modified_gmt":"2023-04-06T17:16:40","slug":"pascuas-en-radio-aconquija","status":"publish","type":"post","link":"https:\/\/aconquija.fmmiradio.com\/?p=1717","title":{"rendered":"Pascuas en Radio Aconquija"},"content":{"rendered":"\n<p>En est\u00e1 fecha tan especial y, ante la dif\u00edcil situaci\u00f3n que estamos atravesando como pa\u00eds y como provincia, queremos unirnos en oraci\u00f3n por nuestros hermanos y pedir a nuestro Se\u00f1or Jesucristo por todos aquellos que afrontan dificultades de salud y de trabajo&#8230; Es un tiempo de reflexi\u00f3n y de comuni\u00f3n entre todos los hijos del Creador. Un tiempo para reflexionar y recuperar el valor de la palabra AMOR<\/p>\n\n\n\n<figure class=\"wp-block-image size-large\"><img loading=\"lazy\" decoding=\"async\" width=\"576\" height=\"1024\" src=\"https:\/\/aconquija.fmmiradio.com\/wp-content\/uploads\/2023\/04\/png_20230406_141132_0000-576x1024.png\" alt=\"\" class=\"wp-image-1718\" srcset=\"https:\/\/aconquija.fmmiradio.com\/wp-content\/uploads\/2023\/04\/png_20230406_141132_0000-576x1024.png 576w, https:\/\/aconquija.fmmiradio.com\/wp-content\/uploads\/2023\/04\/png_20230406_141132_0000-169x300.png 169w, https:\/\/aconquija.fmmiradio.com\/wp-content\/uploads\/2023\/04\/png_20230406_141132_0000-768x1365.png 768w, https:\/\/aconquija.fmmiradio.com\/wp-content\/uploads\/2023\/04\/png_20230406_141132_0000-864x1536.png 864w, https:\/\/aconquija.fmmiradio.com\/wp-content\/uploads\/2023\/04\/png_20230406_141132_0000.png 1080w\" sizes=\"(max-width: 576px) 100vw, 576px\" \/><\/figure>\n","protected":false},"excerpt":{"rendered":"<p>En est\u00e1 fecha tan especial y, ante la dif\u00edcil situaci\u00f3n que estamos atravesando como pa\u00eds y como provincia, queremos unirnos en oraci\u00f3n por nuestros hermanos y pedir a nuestro Se\u00f1or Jesucristo por todos aquellos que afrontan dificultades de salud y de trabajo&#8230; Es un tiempo de reflexi\u00f3n y de comuni\u00f3n entre todos los hijos del &hellip;<\/p>\n","protected":false},"author":4,"featured_media":0,"comment_status":"open","ping_status":"open","sticky":false,"template":"","format":"standard","meta":{"footnotes":""},"categories":[69,66,101],"tags":[146,150,145,148,147,149,144,113,127],"class_list":["post-1717","post","type-post","status-publish","format-standard","","category-localidades","category-nacionales","category-provincias","tag-amor","tag-argentina","tag-familia","tag-fiestas","tag-jesus","tag-lules","tag-pascuas","tag-radio","tag-tucuman"],"yoast_head":"<!-- This site is optimized with the Yoast SEO plugin v19.9 - https:\/\/yoast.com\/wordpress\/plugins\/seo\/ -->\n<title>Pascuas en Radio Aconquija - PORTAL NOTICIAS<\/title>\n<meta name=\"robots\" content=\"index, follow, max-snippet:-1, max-image-preview:large, max-video-preview:-1\" \/>\n<link rel=\"canonical\" href=\"https:\/\/aconquija.fmmiradio.com\/?p=1717\" \/>\n<meta property=\"og:locale\" content=\"es_ES\" \/>\n<meta property=\"og:type\" content=\"article\" \/>\n<meta property=\"og:title\" content=\"Pascuas en Radio Aconquija - PORTAL NOTICIAS\" \/>\n<meta property=\"og:description\" content=\"En est\u00e1 fecha tan especial y, ante la dif\u00edcil situaci\u00f3n que estamos atravesando como pa\u00eds y como provincia, queremos unirnos en oraci\u00f3n por nuestros hermanos y pedir a nuestro Se\u00f1or Jesucristo por todos aquellos que afrontan dificultades de salud y de trabajo&#8230; Es un tiempo de reflexi\u00f3n y de comuni\u00f3n entre todos los hijos del &hellip;\" \/>\n<meta property=\"og:url\" content=\"https:\/\/aconquija.fmmiradio.com\/?p=1717\" \/>\n<meta property=\"og:site_name\" content=\"PORTAL NOTICIAS\" \/>\n<meta property=\"article:published_time\" content=\"2023-04-06T17:16:39+00:00\" \/>\n<meta property=\"article:modified_time\" content=\"2023-04-06T17:16:40+00:00\" \/>\n<meta property=\"og:image\" content=\"https:\/\/aconquija.fmmiradio.com\/wp-content\/uploads\/2023\/04\/png_20230406_141132_0000-576x1024.png\" \/>\n<meta name=\"author\" content=\"laaconquija\" \/>\n<meta name=\"twitter:card\" content=\"summary_large_image\" \/>\n<meta name=\"twitter:label1\" content=\"Escrito por\" \/>\n\t<meta name=\"twitter:data1\" content=\"laaconquija\" \/>\n\t<meta name=\"twitter:label2\" content=\"Tiempo de lectura\" \/>\n\t<meta name=\"twitter:data2\" content=\"1 minuto\" \/>\n<script type=\"application\/ld+json\" class=\"yoast-schema-graph\">{\"@context\":\"https:\/\/schema.org\",\"@graph\":[{\"@type\":\"WebPage\",\"@id\":\"https:\/\/aconquija.fmmiradio.com\/?p=1717\",\"url\":\"https:\/\/aconquija.fmmiradio.com\/?p=1717\",\"name\":\"Pascuas en Radio Aconquija - PORTAL NOTICIAS\",\"isPartOf\":{\"@id\":\"https:\/\/aconquija.fmmiradio.com\/#website\"},\"datePublished\":\"2023-04-06T17:16:39+00:00\",\"dateModified\":\"2023-04-06T17:16:40+00:00\",\"author\":{\"@id\":\"https:\/\/aconquija.fmmiradio.com\/#\/schema\/person\/de2d4f9f3072a99cc35eee3b24374870\"},\"breadcrumb\":{\"@id\":\"https:\/\/aconquija.fmmiradio.com\/?p=1717#breadcrumb\"},\"inLanguage\":\"es\",\"potentialAction\":[{\"@type\":\"ReadAction\",\"target\":[\"https:\/\/aconquija.fmmiradio.com\/?p=1717\"]}]},{\"@type\":\"BreadcrumbList\",\"@id\":\"https:\/\/aconquija.fmmiradio.com\/?p=1717#breadcrumb\",\"itemListElement\":[{\"@type\":\"ListItem\",\"position\":1,\"name\":\"Portada\",\"item\":\"https:\/\/aconquija.fmmiradio.com\/\"},{\"@type\":\"ListItem\",\"position\":2,\"name\":\"Pascuas en Radio Aconquija\"}]},{\"@type\":\"WebSite\",\"@id\":\"https:\/\/aconquija.fmmiradio.com\/#website\",\"url\":\"https:\/\/aconquija.fmmiradio.com\/\",\"name\":\"PORTAL NOTICIAS\",\"description\":\"\",\"potentialAction\":[{\"@type\":\"SearchAction\",\"target\":{\"@type\":\"EntryPoint\",\"urlTemplate\":\"https:\/\/aconquija.fmmiradio.com\/?s={search_term_string}\"},\"query-input\":\"required name=search_term_string\"}],\"inLanguage\":\"es\"},{\"@type\":\"Person\",\"@id\":\"https:\/\/aconquija.fmmiradio.com\/#\/schema\/person\/de2d4f9f3072a99cc35eee3b24374870\",\"name\":\"laaconquija\",\"image\":{\"@type\":\"ImageObject\",\"inLanguage\":\"es\",\"@id\":\"https:\/\/aconquija.fmmiradio.com\/#\/schema\/person\/image\/\",\"url\":\"https:\/\/secure.gravatar.com\/avatar\/44f4423b099f16a112aea17b0ad205d3?s=96&d=mm&r=g\",\"contentUrl\":\"https:\/\/secure.gravatar.com\/avatar\/44f4423b099f16a112aea17b0ad205d3?s=96&d=mm&r=g\",\"caption\":\"laaconquija\"},\"url\":\"https:\/\/aconquija.fmmiradio.com\/?author=4\"}]}<\/script>\n<!-- \/ Yoast SEO plugin. -->","yoast_head_json":{"title":"Pascuas en Radio Aconquija - PORTAL NOTICIAS","robots":{"index":"index","follow":"follow","max-snippet":"max-snippet:-1","max-image-preview":"max-image-preview:large","max-video-preview":"max-video-preview:-1"},"canonical":"https:\/\/aconquija.fmmiradio.com\/?p=1717","og_locale":"es_ES","og_type":"article","og_title":"Pascuas en Radio Aconquija - PORTAL NOTICIAS","og_description":"En est\u00e1 fecha tan especial y, ante la dif\u00edcil situaci\u00f3n que estamos atravesando como pa\u00eds y como provincia, queremos unirnos en oraci\u00f3n por nuestros hermanos y pedir a nuestro Se\u00f1or Jesucristo por todos aquellos que afrontan dificultades de salud y de trabajo&#8230; Es un tiempo de reflexi\u00f3n y de comuni\u00f3n entre todos los hijos del &hellip;","og_url":"https:\/\/aconquija.fmmiradio.com\/?p=1717","og_site_name":"PORTAL NOTICIAS","article_published_time":"2023-04-06T17:16:39+00:00","article_modified_time":"2023-04-06T17:16:40+00:00","og_image":[{"url":"https:\/\/aconquija.fmmiradio.com\/wp-content\/uploads\/2023\/04\/png_20230406_141132_0000-576x1024.png"}],"author":"laaconquija","twitter_card":"summary_large_image","twitter_misc":{"Escrito por":"laaconquija","Tiempo de lectura":"1 minuto"},"schema":{"@context":"https:\/\/schema.org","@graph":[{"@type":"WebPage","@id":"https:\/\/aconquija.fmmiradio.com\/?p=1717","url":"https:\/\/aconquija.fmmiradio.com\/?p=1717","name":"Pascuas en Radio Aconquija - PORTAL NOTICIAS","isPartOf":{"@id":"https:\/\/aconquija.fmmiradio.com\/#website"},"datePublished":"2023-04-06T17:16:39+00:00","dateModified":"2023-04-06T17:16:40+00:00","author":{"@id":"https:\/\/aconquija.fmmiradio.com\/#\/schema\/person\/de2d4f9f3072a99cc35eee3b24374870"},"breadcrumb":{"@id":"https:\/\/aconquija.fmmiradio.com\/?p=1717#breadcrumb"},"inLanguage":"es","potentialAction":[{"@type":"ReadAction","target":["https:\/\/aconquija.fmmiradio.com\/?p=1717"]}]},{"@type":"BreadcrumbList","@id":"https:\/\/aconquija.fmmiradio.com\/?p=1717#breadcrumb","itemListElement":[{"@type":"ListItem","position":1,"name":"Portada","item":"https:\/\/aconquija.fmmiradio.com\/"},{"@type":"ListItem","position":2,"name":"Pascuas en Radio Aconquija"}]},{"@type":"WebSite","@id":"https:\/\/aconquija.fmmiradio.com\/#website","url":"https:\/\/aconquija.fmmiradio.com\/","name":"PORTAL NOTICIAS","description":"","potentialAction":[{"@type":"SearchAction","target":{"@type":"EntryPoint","urlTemplate":"https:\/\/aconquija.fmmiradio.com\/?s={search_term_string}"},"query-input":"required name=search_term_string"}],"inLanguage":"es"},{"@type":"Person","@id":"https:\/\/aconquija.fmmiradio.com\/#\/schema\/person\/de2d4f9f3072a99cc35eee3b24374870","name":"laaconquija","image":{"@type":"ImageObject","inLanguage":"es","@id":"https:\/\/aconquija.fmmiradio.com\/#\/schema\/person\/image\/","url":"https:\/\/secure.gravatar.com\/avatar\/44f4423b099f16a112aea17b0ad205d3?s=96&d=mm&r=g","contentUrl":"https:\/\/secure.gravatar.com\/avatar\/44f4423b099f16a112aea17b0ad205d3?s=96&d=mm&r=g","caption":"laaconquija"},"url":"https:\/\/aconquija.fmmiradio.com\/?author=4"}]}},"_links":{"self":[{"href":"https:\/\/aconquija.fmmiradio.com\/index.php?rest_route=\/wp\/v2\/posts\/1717"}],"collection":[{"href":"https:\/\/aconquija.fmmiradio.com\/index.php?rest_route=\/wp\/v2\/posts"}],"about":[{"href":"https:\/\/aconquija.fmmiradio.com\/index.php?rest_route=\/wp\/v2\/types\/post"}],"author":[{"embeddable":true,"href":"https:\/\/aconquija.fmmiradio.com\/index.php?rest_route=\/wp\/v2\/users\/4"}],"replies":[{"embeddable":true,"href":"https:\/\/aconquija.fmmiradio.com\/index.php?rest_route=%2Fwp%2Fv2%2Fcomments&post=1717"}],"version-history":[{"count":1,"href":"https:\/\/aconquija.fmmiradio.com\/index.php?rest_route=\/wp\/v2\/posts\/1717\/revisions"}],"predecessor-version":[{"id":1719,"href":"https:\/\/aconquija.fmmiradio.com\/index.php?rest_route=\/wp\/v2\/posts\/1717\/revisions\/1719"}],"wp:attachment":[{"href":"https:\/\/aconquija.fmmiradio.com\/index.php?rest_route=%2Fwp%2Fv2%2Fmedia&parent=1717"}],"wp:term":[{"taxonomy":"category","embeddable":true,"href":"https:\/\/aconquija.fmmiradio.com\/index.php?rest_route=%2Fwp%2Fv2%2Fcategories&post=1717"},{"taxonomy":"post_tag","embeddable":true,"href":"https:\/\/aconquija.fmmiradio.com\/index.php?rest_route=%2Fwp%2Fv2%2Ftags&post=1717"}],"curies":[{"name":"wp","href":"https:\/\/api.w.org\/{rel}","templated":true}]}}