{"id":1720,"date":"2023-04-13T09:14:34","date_gmt":"2023-04-13T12:14:34","guid":{"rendered":"https:\/\/aconquija.fmmiradio.com\/?p=1720"},"modified":"2023-04-13T09:14:35","modified_gmt":"2023-04-13T12:14:35","slug":"la-justicia-rechazo-el-amparo-que-autorizaba-subas-en-las-cuotas-de-colegios-privados","status":"publish","type":"post","link":"https:\/\/aconquija.fmmiradio.com\/?p=1720","title":{"rendered":"La Justicia rechaz\u00f3 el amparo que autorizaba subas en las cuotas de Colegios Privados"},"content":{"rendered":"\n<figure class=\"wp-block-image size-full\"><img loading=\"lazy\" decoding=\"async\" width=\"480\" height=\"288\" src=\"https:\/\/aconquija.fmmiradio.com\/wp-content\/uploads\/2023\/04\/76753_3.jpg\" alt=\"\" class=\"wp-image-1721\" srcset=\"https:\/\/aconquija.fmmiradio.com\/wp-content\/uploads\/2023\/04\/76753_3.jpg 480w, https:\/\/aconquija.fmmiradio.com\/wp-content\/uploads\/2023\/04\/76753_3-300x180.jpg 300w\" sizes=\"(max-width: 480px) 100vw, 480px\" \/><\/figure>\n\n\n\n<p>La titular de la Sala 1 de la C\u00e1mara en lo Contencioso Administrativo, Mar\u00eda Florencia Casas, no hizo lugar al amparo que hab\u00edan presentado un centenar de establecimientos educativos de gesti\u00f3n privada. <\/p>\n\n\n\n<p>Los propietarios de las instituciones manifestaban que los aumentos de 16,8%, 3,35% y 4% autorizados por el Ministerio de Educaci\u00f3n de la Provincia los pon\u00eda en situaci\u00f3n de quebranto ya que no contemplaba el aumento salarial otorgado a los docentes a fines de 2022. <\/p>\n\n\n\n<p>Entre los argumentos expuestos por la Camarista, entendi\u00f3 que la incidencia de los aumentos salariales mencionados por el amparista y el desfasaje que el incremento de cuotas autorizados presentar\u00eda frente a los mayores costos asumidos por los establecimientos educativos demandantes, \u00abse erigen c\u00f3mo objetivos que merecen un marco de discusi\u00f3n y prueba mucho m\u00e1s amplio detallado que el que permite el \u00e1mbito cautelar. <\/p>\n","protected":false},"excerpt":{"rendered":"<p>La titular de la Sala 1 de la C\u00e1mara en lo Contencioso Administrativo, Mar\u00eda Florencia Casas, no hizo lugar al amparo que hab\u00edan presentado un centenar de establecimientos educativos de gesti\u00f3n privada. Los propietarios de las instituciones manifestaban que los aumentos de 16,8%, 3,35% y 4% autorizados por el Ministerio de Educaci\u00f3n de la Provincia &hellip;<\/p>\n","protected":false},"author":4,"featured_media":0,"comment_status":"open","ping_status":"open","sticky":false,"template":"","format":"standard","meta":{"footnotes":""},"categories":[66,101],"tags":[155,152,156,151,153,109,154,127],"class_list":["post-1720","post","type-post","status-publish","format-standard","","category-nacionales","category-provincias","tag-amparo","tag-aumentos","tag-cautelar","tag-colegios","tag-educacion","tag-inflacion","tag-justicia","tag-tucuman"],"yoast_head":"<!-- This site is optimized with the Yoast SEO plugin v19.9 - https:\/\/yoast.com\/wordpress\/plugins\/seo\/ -->\n<title>La Justicia rechaz\u00f3 el amparo que autorizaba subas en las cuotas de Colegios Privados - PORTAL NOTICIAS<\/title>\n<meta name=\"robots\" content=\"index, follow, max-snippet:-1, max-image-preview:large, max-video-preview:-1\" \/>\n<link rel=\"canonical\" href=\"https:\/\/aconquija.fmmiradio.com\/?p=1720\" \/>\n<meta property=\"og:locale\" content=\"es_ES\" \/>\n<meta property=\"og:type\" content=\"article\" \/>\n<meta property=\"og:title\" content=\"La Justicia rechaz\u00f3 el amparo que autorizaba subas en las cuotas de Colegios Privados - PORTAL NOTICIAS\" \/>\n<meta property=\"og:description\" content=\"La titular de la Sala 1 de la C\u00e1mara en lo Contencioso Administrativo, Mar\u00eda Florencia Casas, no hizo lugar al amparo que hab\u00edan presentado un centenar de establecimientos educativos de gesti\u00f3n privada. Los propietarios de las instituciones manifestaban que los aumentos de 16,8%, 3,35% y 4% autorizados por el Ministerio de Educaci\u00f3n de la Provincia &hellip;\" \/>\n<meta property=\"og:url\" content=\"https:\/\/aconquija.fmmiradio.com\/?p=1720\" \/>\n<meta property=\"og:site_name\" content=\"PORTAL NOTICIAS\" \/>\n<meta property=\"article:published_time\" content=\"2023-04-13T12:14:34+00:00\" \/>\n<meta property=\"article:modified_time\" content=\"2023-04-13T12:14:35+00:00\" \/>\n<meta property=\"og:image\" content=\"https:\/\/aconquija.fmmiradio.com\/wp-content\/uploads\/2023\/04\/76753_3.jpg\" \/>\n<meta name=\"author\" content=\"laaconquija\" \/>\n<meta name=\"twitter:card\" content=\"summary_large_image\" \/>\n<meta name=\"twitter:label1\" content=\"Escrito por\" \/>\n\t<meta name=\"twitter:data1\" content=\"laaconquija\" \/>\n\t<meta name=\"twitter:label2\" content=\"Tiempo de lectura\" \/>\n\t<meta name=\"twitter:data2\" content=\"1 minuto\" \/>\n<script type=\"application\/ld+json\" class=\"yoast-schema-graph\">{\"@context\":\"https:\/\/schema.org\",\"@graph\":[{\"@type\":\"WebPage\",\"@id\":\"https:\/\/aconquija.fmmiradio.com\/?p=1720\",\"url\":\"https:\/\/aconquija.fmmiradio.com\/?p=1720\",\"name\":\"La Justicia rechaz\u00f3 el amparo que autorizaba subas en las cuotas de Colegios Privados - PORTAL NOTICIAS\",\"isPartOf\":{\"@id\":\"https:\/\/aconquija.fmmiradio.com\/#website\"},\"datePublished\":\"2023-04-13T12:14:34+00:00\",\"dateModified\":\"2023-04-13T12:14:35+00:00\",\"author\":{\"@id\":\"https:\/\/aconquija.fmmiradio.com\/#\/schema\/person\/de2d4f9f3072a99cc35eee3b24374870\"},\"breadcrumb\":{\"@id\":\"https:\/\/aconquija.fmmiradio.com\/?p=1720#breadcrumb\"},\"inLanguage\":\"es\",\"potentialAction\":[{\"@type\":\"ReadAction\",\"target\":[\"https:\/\/aconquija.fmmiradio.com\/?p=1720\"]}]},{\"@type\":\"BreadcrumbList\",\"@id\":\"https:\/\/aconquija.fmmiradio.com\/?p=1720#breadcrumb\",\"itemListElement\":[{\"@type\":\"ListItem\",\"position\":1,\"name\":\"Portada\",\"item\":\"https:\/\/aconquija.fmmiradio.com\/\"},{\"@type\":\"ListItem\",\"position\":2,\"name\":\"La Justicia rechaz\u00f3 el amparo que autorizaba subas en las cuotas de Colegios Privados\"}]},{\"@type\":\"WebSite\",\"@id\":\"https:\/\/aconquija.fmmiradio.com\/#website\",\"url\":\"https:\/\/aconquija.fmmiradio.com\/\",\"name\":\"PORTAL NOTICIAS\",\"description\":\"\",\"potentialAction\":[{\"@type\":\"SearchAction\",\"target\":{\"@type\":\"EntryPoint\",\"urlTemplate\":\"https:\/\/aconquija.fmmiradio.com\/?s={search_term_string}\"},\"query-input\":\"required name=search_term_string\"}],\"inLanguage\":\"es\"},{\"@type\":\"Person\",\"@id\":\"https:\/\/aconquija.fmmiradio.com\/#\/schema\/person\/de2d4f9f3072a99cc35eee3b24374870\",\"name\":\"laaconquija\",\"image\":{\"@type\":\"ImageObject\",\"inLanguage\":\"es\",\"@id\":\"https:\/\/aconquija.fmmiradio.com\/#\/schema\/person\/image\/\",\"url\":\"https:\/\/secure.gravatar.com\/avatar\/44f4423b099f16a112aea17b0ad205d3?s=96&d=mm&r=g\",\"contentUrl\":\"https:\/\/secure.gravatar.com\/avatar\/44f4423b099f16a112aea17b0ad205d3?s=96&d=mm&r=g\",\"caption\":\"laaconquija\"},\"url\":\"https:\/\/aconquija.fmmiradio.com\/?author=4\"}]}<\/script>\n<!-- \/ Yoast SEO plugin. -->","yoast_head_json":{"title":"La Justicia rechaz\u00f3 el amparo que autorizaba subas en las cuotas de Colegios Privados - PORTAL NOTICIAS","robots":{"index":"index","follow":"follow","max-snippet":"max-snippet:-1","max-image-preview":"max-image-preview:large","max-video-preview":"max-video-preview:-1"},"canonical":"https:\/\/aconquija.fmmiradio.com\/?p=1720","og_locale":"es_ES","og_type":"article","og_title":"La Justicia rechaz\u00f3 el amparo que autorizaba subas en las cuotas de Colegios Privados - PORTAL NOTICIAS","og_description":"La titular de la Sala 1 de la C\u00e1mara en lo Contencioso Administrativo, Mar\u00eda Florencia Casas, no hizo lugar al amparo que hab\u00edan presentado un centenar de establecimientos educativos de gesti\u00f3n privada. Los propietarios de las instituciones manifestaban que los aumentos de 16,8%, 3,35% y 4% autorizados por el Ministerio de Educaci\u00f3n de la Provincia &hellip;","og_url":"https:\/\/aconquija.fmmiradio.com\/?p=1720","og_site_name":"PORTAL NOTICIAS","article_published_time":"2023-04-13T12:14:34+00:00","article_modified_time":"2023-04-13T12:14:35+00:00","og_image":[{"url":"https:\/\/aconquija.fmmiradio.com\/wp-content\/uploads\/2023\/04\/76753_3.jpg"}],"author":"laaconquija","twitter_card":"summary_large_image","twitter_misc":{"Escrito por":"laaconquija","Tiempo de lectura":"1 minuto"},"schema":{"@context":"https:\/\/schema.org","@graph":[{"@type":"WebPage","@id":"https:\/\/aconquija.fmmiradio.com\/?p=1720","url":"https:\/\/aconquija.fmmiradio.com\/?p=1720","name":"La Justicia rechaz\u00f3 el amparo que autorizaba subas en las cuotas de Colegios Privados - PORTAL NOTICIAS","isPartOf":{"@id":"https:\/\/aconquija.fmmiradio.com\/#website"},"datePublished":"2023-04-13T12:14:34+00:00","dateModified":"2023-04-13T12:14:35+00:00","author":{"@id":"https:\/\/aconquija.fmmiradio.com\/#\/schema\/person\/de2d4f9f3072a99cc35eee3b24374870"},"breadcrumb":{"@id":"https:\/\/aconquija.fmmiradio.com\/?p=1720#breadcrumb"},"inLanguage":"es","potentialAction":[{"@type":"ReadAction","target":["https:\/\/aconquija.fmmiradio.com\/?p=1720"]}]},{"@type":"BreadcrumbList","@id":"https:\/\/aconquija.fmmiradio.com\/?p=1720#breadcrumb","itemListElement":[{"@type":"ListItem","position":1,"name":"Portada","item":"https:\/\/aconquija.fmmiradio.com\/"},{"@type":"ListItem","position":2,"name":"La Justicia rechaz\u00f3 el amparo que autorizaba subas en las cuotas de Colegios Privados"}]},{"@type":"WebSite","@id":"https:\/\/aconquija.fmmiradio.com\/#website","url":"https:\/\/aconquija.fmmiradio.com\/","name":"PORTAL NOTICIAS","description":"","potentialAction":[{"@type":"SearchAction","target":{"@type":"EntryPoint","urlTemplate":"https:\/\/aconquija.fmmiradio.com\/?s={search_term_string}"},"query-input":"required name=search_term_string"}],"inLanguage":"es"},{"@type":"Person","@id":"https:\/\/aconquija.fmmiradio.com\/#\/schema\/person\/de2d4f9f3072a99cc35eee3b24374870","name":"laaconquija","image":{"@type":"ImageObject","inLanguage":"es","@id":"https:\/\/aconquija.fmmiradio.com\/#\/schema\/person\/image\/","url":"https:\/\/secure.gravatar.com\/avatar\/44f4423b099f16a112aea17b0ad205d3?s=96&d=mm&r=g","contentUrl":"https:\/\/secure.gravatar.com\/avatar\/44f4423b099f16a112aea17b0ad205d3?s=96&d=mm&r=g","caption":"laaconquija"},"url":"https:\/\/aconquija.fmmiradio.com\/?author=4"}]}},"_links":{"self":[{"href":"https:\/\/aconquija.fmmiradio.com\/index.php?rest_route=\/wp\/v2\/posts\/1720"}],"collection":[{"href":"https:\/\/aconquija.fmmiradio.com\/index.php?rest_route=\/wp\/v2\/posts"}],"about":[{"href":"https:\/\/aconquija.fmmiradio.com\/index.php?rest_route=\/wp\/v2\/types\/post"}],"author":[{"embeddable":true,"href":"https:\/\/aconquija.fmmiradio.com\/index.php?rest_route=\/wp\/v2\/users\/4"}],"replies":[{"embeddable":true,"href":"https:\/\/aconquija.fmmiradio.com\/index.php?rest_route=%2Fwp%2Fv2%2Fcomments&post=1720"}],"version-history":[{"count":1,"href":"https:\/\/aconquija.fmmiradio.com\/index.php?rest_route=\/wp\/v2\/posts\/1720\/revisions"}],"predecessor-version":[{"id":1722,"href":"https:\/\/aconquija.fmmiradio.com\/index.php?rest_route=\/wp\/v2\/posts\/1720\/revisions\/1722"}],"wp:attachment":[{"href":"https:\/\/aconquija.fmmiradio.com\/index.php?rest_route=%2Fwp%2Fv2%2Fmedia&parent=1720"}],"wp:term":[{"taxonomy":"category","embeddable":true,"href":"https:\/\/aconquija.fmmiradio.com\/index.php?rest_route=%2Fwp%2Fv2%2Fcategories&post=1720"},{"taxonomy":"post_tag","embeddable":true,"href":"https:\/\/aconquija.fmmiradio.com\/index.php?rest_route=%2Fwp%2Fv2%2Ftags&post=1720"}],"curies":[{"name":"wp","href":"https:\/\/api.w.org\/{rel}","templated":true}]}}