{"id":1723,"date":"2023-04-13T18:46:02","date_gmt":"2023-04-13T21:46:02","guid":{"rendered":"https:\/\/aconquija.fmmiradio.com\/?p=1723"},"modified":"2023-04-13T18:46:13","modified_gmt":"2023-04-13T21:46:13","slug":"el-gobernador-inauguro-obras-en-colonia-3","status":"publish","type":"post","link":"https:\/\/aconquija.fmmiradio.com\/?p=1723","title":{"rendered":"El Gobernador inaugur\u00f3 obras en Colonia 3"},"content":{"rendered":"\n<figure class=\"wp-block-image size-full\"><img loading=\"lazy\" decoding=\"async\" width=\"650\" height=\"440\" src=\"https:\/\/aconquija.fmmiradio.com\/wp-content\/uploads\/2023\/04\/650x440_230413125624_26372.jpeg\" alt=\"\" class=\"wp-image-1724\" srcset=\"https:\/\/aconquija.fmmiradio.com\/wp-content\/uploads\/2023\/04\/650x440_230413125624_26372.jpeg 650w, https:\/\/aconquija.fmmiradio.com\/wp-content\/uploads\/2023\/04\/650x440_230413125624_26372-300x203.jpeg 300w, https:\/\/aconquija.fmmiradio.com\/wp-content\/uploads\/2023\/04\/650x440_230413125624_26372-110x75.jpeg 110w\" sizes=\"(max-width: 650px) 100vw, 650px\" \/><\/figure>\n\n\n\n<p>El gobernador, Juan Manzur, junto al intendente de la ciudad de Lules, Carlos Gallia, inauguraron este jueves al mediod\u00eda obras de pavimento e iluminaci\u00f3n en el barrio Colonia 3, en el sector que va desde la Ruta Provincial 301 hasta el bad\u00e9n, zona por la que se ingresa al Parque Industrial Kanamico. <\/p>\n\n\n\n<p>En el barrio Colonia 3 se realiz\u00f3 la reconversi\u00f3n del alumbrado p\u00fablico, reemplazando los antiguos equipos de vapor de sodio por nuevos led de \u00faltima generaci\u00f3n de 100w. La red de iluminaci\u00f3n cubre una longitud aproximada de 700 metros en la calle principal y 500 metros en las calles internas de la zona. Se instalaron en total 25 columnas en la calle principal y se colocar\u00e1n en la segunda etapa 20 columnas m\u00e1s con sus correspondientes artefactos, llegando a un total de 45 unidades.<\/p>\n\n\n\n<p>El nuevo pavimento da acceso a este parque industrial que, poco a poco, va colmando toda su capacidad con empresas pujantes, j\u00f3venes, que tienen sue\u00f1os y propuestas\u00bb, sostuvo Manzur tras habilitar las mejoras.<\/p>\n\n\n\n<p>En esa l\u00ednea, el Gobernador se\u00f1al\u00f3 que \u00abel Estado est\u00e1 generando las condiciones para que se facilite la inversi\u00f3n privada con este tipo de obras tan importantes, de un monto realmente muy grande, m\u00e1s de $100 millones de inversi\u00f3n\u00bb.<\/p>\n\n\n\n<p><\/p>\n","protected":false},"excerpt":{"rendered":"<p>El gobernador, Juan Manzur, junto al intendente de la ciudad de Lules, Carlos Gallia, inauguraron este jueves al mediod\u00eda obras de pavimento e iluminaci\u00f3n en el barrio Colonia 3, en el sector que va desde la Ruta Provincial 301 hasta el bad\u00e9n, zona por la que se ingresa al Parque Industrial Kanamico. En el barrio &hellip;<\/p>\n","protected":false},"author":4,"featured_media":0,"comment_status":"open","ping_status":"open","sticky":false,"template":"","format":"standard","meta":{"footnotes":""},"categories":[69,101,105],"tags":[162,159,149,160,158,157],"class_list":["post-1723","post","type-post","status-publish","format-standard","","category-localidades","category-provincias","category-region","tag-gallia","tag-gobernador","tag-lules","tag-manzur","tag-obras","tag-pavimento"],"yoast_head":"<!-- This site is optimized with the Yoast SEO plugin v19.9 - https:\/\/yoast.com\/wordpress\/plugins\/seo\/ -->\n<title>El Gobernador inaugur\u00f3 obras en Colonia 3 - PORTAL NOTICIAS<\/title>\n<meta name=\"robots\" content=\"index, follow, max-snippet:-1, max-image-preview:large, max-video-preview:-1\" \/>\n<link rel=\"canonical\" href=\"https:\/\/aconquija.fmmiradio.com\/?p=1723\" \/>\n<meta property=\"og:locale\" content=\"es_ES\" \/>\n<meta property=\"og:type\" content=\"article\" \/>\n<meta property=\"og:title\" content=\"El Gobernador inaugur\u00f3 obras en Colonia 3 - PORTAL NOTICIAS\" \/>\n<meta property=\"og:description\" content=\"El gobernador, Juan Manzur, junto al intendente de la ciudad de Lules, Carlos Gallia, inauguraron este jueves al mediod\u00eda obras de pavimento e iluminaci\u00f3n en el barrio Colonia 3, en el sector que va desde la Ruta Provincial 301 hasta el bad\u00e9n, zona por la que se ingresa al Parque Industrial Kanamico. En el barrio &hellip;\" \/>\n<meta property=\"og:url\" content=\"https:\/\/aconquija.fmmiradio.com\/?p=1723\" \/>\n<meta property=\"og:site_name\" content=\"PORTAL NOTICIAS\" \/>\n<meta property=\"article:published_time\" content=\"2023-04-13T21:46:02+00:00\" \/>\n<meta property=\"article:modified_time\" content=\"2023-04-13T21:46:13+00:00\" \/>\n<meta property=\"og:image\" content=\"https:\/\/aconquija.fmmiradio.com\/wp-content\/uploads\/2023\/04\/650x440_230413125624_26372.jpeg\" \/>\n<meta name=\"author\" content=\"laaconquija\" \/>\n<meta name=\"twitter:card\" content=\"summary_large_image\" \/>\n<meta name=\"twitter:label1\" content=\"Escrito por\" \/>\n\t<meta name=\"twitter:data1\" content=\"laaconquija\" \/>\n\t<meta name=\"twitter:label2\" content=\"Tiempo de lectura\" \/>\n\t<meta name=\"twitter:data2\" content=\"2 minutos\" \/>\n<script type=\"application\/ld+json\" class=\"yoast-schema-graph\">{\"@context\":\"https:\/\/schema.org\",\"@graph\":[{\"@type\":\"WebPage\",\"@id\":\"https:\/\/aconquija.fmmiradio.com\/?p=1723\",\"url\":\"https:\/\/aconquija.fmmiradio.com\/?p=1723\",\"name\":\"El Gobernador inaugur\u00f3 obras en Colonia 3 - PORTAL NOTICIAS\",\"isPartOf\":{\"@id\":\"https:\/\/aconquija.fmmiradio.com\/#website\"},\"datePublished\":\"2023-04-13T21:46:02+00:00\",\"dateModified\":\"2023-04-13T21:46:13+00:00\",\"author\":{\"@id\":\"https:\/\/aconquija.fmmiradio.com\/#\/schema\/person\/de2d4f9f3072a99cc35eee3b24374870\"},\"breadcrumb\":{\"@id\":\"https:\/\/aconquija.fmmiradio.com\/?p=1723#breadcrumb\"},\"inLanguage\":\"es\",\"potentialAction\":[{\"@type\":\"ReadAction\",\"target\":[\"https:\/\/aconquija.fmmiradio.com\/?p=1723\"]}]},{\"@type\":\"BreadcrumbList\",\"@id\":\"https:\/\/aconquija.fmmiradio.com\/?p=1723#breadcrumb\",\"itemListElement\":[{\"@type\":\"ListItem\",\"position\":1,\"name\":\"Portada\",\"item\":\"https:\/\/aconquija.fmmiradio.com\/\"},{\"@type\":\"ListItem\",\"position\":2,\"name\":\"El Gobernador inaugur\u00f3 obras en Colonia 3\"}]},{\"@type\":\"WebSite\",\"@id\":\"https:\/\/aconquija.fmmiradio.com\/#website\",\"url\":\"https:\/\/aconquija.fmmiradio.com\/\",\"name\":\"PORTAL NOTICIAS\",\"description\":\"\",\"potentialAction\":[{\"@type\":\"SearchAction\",\"target\":{\"@type\":\"EntryPoint\",\"urlTemplate\":\"https:\/\/aconquija.fmmiradio.com\/?s={search_term_string}\"},\"query-input\":\"required name=search_term_string\"}],\"inLanguage\":\"es\"},{\"@type\":\"Person\",\"@id\":\"https:\/\/aconquija.fmmiradio.com\/#\/schema\/person\/de2d4f9f3072a99cc35eee3b24374870\",\"name\":\"laaconquija\",\"image\":{\"@type\":\"ImageObject\",\"inLanguage\":\"es\",\"@id\":\"https:\/\/aconquija.fmmiradio.com\/#\/schema\/person\/image\/\",\"url\":\"https:\/\/secure.gravatar.com\/avatar\/44f4423b099f16a112aea17b0ad205d3?s=96&d=mm&r=g\",\"contentUrl\":\"https:\/\/secure.gravatar.com\/avatar\/44f4423b099f16a112aea17b0ad205d3?s=96&d=mm&r=g\",\"caption\":\"laaconquija\"},\"url\":\"https:\/\/aconquija.fmmiradio.com\/?author=4\"}]}<\/script>\n<!-- \/ Yoast SEO plugin. -->","yoast_head_json":{"title":"El Gobernador inaugur\u00f3 obras en Colonia 3 - PORTAL NOTICIAS","robots":{"index":"index","follow":"follow","max-snippet":"max-snippet:-1","max-image-preview":"max-image-preview:large","max-video-preview":"max-video-preview:-1"},"canonical":"https:\/\/aconquija.fmmiradio.com\/?p=1723","og_locale":"es_ES","og_type":"article","og_title":"El Gobernador inaugur\u00f3 obras en Colonia 3 - PORTAL NOTICIAS","og_description":"El gobernador, Juan Manzur, junto al intendente de la ciudad de Lules, Carlos Gallia, inauguraron este jueves al mediod\u00eda obras de pavimento e iluminaci\u00f3n en el barrio Colonia 3, en el sector que va desde la Ruta Provincial 301 hasta el bad\u00e9n, zona por la que se ingresa al Parque Industrial Kanamico. En el barrio &hellip;","og_url":"https:\/\/aconquija.fmmiradio.com\/?p=1723","og_site_name":"PORTAL NOTICIAS","article_published_time":"2023-04-13T21:46:02+00:00","article_modified_time":"2023-04-13T21:46:13+00:00","og_image":[{"url":"https:\/\/aconquija.fmmiradio.com\/wp-content\/uploads\/2023\/04\/650x440_230413125624_26372.jpeg"}],"author":"laaconquija","twitter_card":"summary_large_image","twitter_misc":{"Escrito por":"laaconquija","Tiempo de lectura":"2 minutos"},"schema":{"@context":"https:\/\/schema.org","@graph":[{"@type":"WebPage","@id":"https:\/\/aconquija.fmmiradio.com\/?p=1723","url":"https:\/\/aconquija.fmmiradio.com\/?p=1723","name":"El Gobernador inaugur\u00f3 obras en Colonia 3 - PORTAL NOTICIAS","isPartOf":{"@id":"https:\/\/aconquija.fmmiradio.com\/#website"},"datePublished":"2023-04-13T21:46:02+00:00","dateModified":"2023-04-13T21:46:13+00:00","author":{"@id":"https:\/\/aconquija.fmmiradio.com\/#\/schema\/person\/de2d4f9f3072a99cc35eee3b24374870"},"breadcrumb":{"@id":"https:\/\/aconquija.fmmiradio.com\/?p=1723#breadcrumb"},"inLanguage":"es","potentialAction":[{"@type":"ReadAction","target":["https:\/\/aconquija.fmmiradio.com\/?p=1723"]}]},{"@type":"BreadcrumbList","@id":"https:\/\/aconquija.fmmiradio.com\/?p=1723#breadcrumb","itemListElement":[{"@type":"ListItem","position":1,"name":"Portada","item":"https:\/\/aconquija.fmmiradio.com\/"},{"@type":"ListItem","position":2,"name":"El Gobernador inaugur\u00f3 obras en Colonia 3"}]},{"@type":"WebSite","@id":"https:\/\/aconquija.fmmiradio.com\/#website","url":"https:\/\/aconquija.fmmiradio.com\/","name":"PORTAL NOTICIAS","description":"","potentialAction":[{"@type":"SearchAction","target":{"@type":"EntryPoint","urlTemplate":"https:\/\/aconquija.fmmiradio.com\/?s={search_term_string}"},"query-input":"required name=search_term_string"}],"inLanguage":"es"},{"@type":"Person","@id":"https:\/\/aconquija.fmmiradio.com\/#\/schema\/person\/de2d4f9f3072a99cc35eee3b24374870","name":"laaconquija","image":{"@type":"ImageObject","inLanguage":"es","@id":"https:\/\/aconquija.fmmiradio.com\/#\/schema\/person\/image\/","url":"https:\/\/secure.gravatar.com\/avatar\/44f4423b099f16a112aea17b0ad205d3?s=96&d=mm&r=g","contentUrl":"https:\/\/secure.gravatar.com\/avatar\/44f4423b099f16a112aea17b0ad205d3?s=96&d=mm&r=g","caption":"laaconquija"},"url":"https:\/\/aconquija.fmmiradio.com\/?author=4"}]}},"_links":{"self":[{"href":"https:\/\/aconquija.fmmiradio.com\/index.php?rest_route=\/wp\/v2\/posts\/1723"}],"collection":[{"href":"https:\/\/aconquija.fmmiradio.com\/index.php?rest_route=\/wp\/v2\/posts"}],"about":[{"href":"https:\/\/aconquija.fmmiradio.com\/index.php?rest_route=\/wp\/v2\/types\/post"}],"author":[{"embeddable":true,"href":"https:\/\/aconquija.fmmiradio.com\/index.php?rest_route=\/wp\/v2\/users\/4"}],"replies":[{"embeddable":true,"href":"https:\/\/aconquija.fmmiradio.com\/index.php?rest_route=%2Fwp%2Fv2%2Fcomments&post=1723"}],"version-history":[{"count":1,"href":"https:\/\/aconquija.fmmiradio.com\/index.php?rest_route=\/wp\/v2\/posts\/1723\/revisions"}],"predecessor-version":[{"id":1725,"href":"https:\/\/aconquija.fmmiradio.com\/index.php?rest_route=\/wp\/v2\/posts\/1723\/revisions\/1725"}],"wp:attachment":[{"href":"https:\/\/aconquija.fmmiradio.com\/index.php?rest_route=%2Fwp%2Fv2%2Fmedia&parent=1723"}],"wp:term":[{"taxonomy":"category","embeddable":true,"href":"https:\/\/aconquija.fmmiradio.com\/index.php?rest_route=%2Fwp%2Fv2%2Fcategories&post=1723"},{"taxonomy":"post_tag","embeddable":true,"href":"https:\/\/aconquija.fmmiradio.com\/index.php?rest_route=%2Fwp%2Fv2%2Ftags&post=1723"}],"curies":[{"name":"wp","href":"https:\/\/api.w.org\/{rel}","templated":true}]}}