{"id":1731,"date":"2023-04-14T07:25:02","date_gmt":"2023-04-14T10:25:02","guid":{"rendered":"https:\/\/aconquija.fmmiradio.com\/?p=1731"},"modified":"2023-04-14T07:25:04","modified_gmt":"2023-04-14T10:25:04","slug":"este-viernes-habra-corte-de-agua-en-lules","status":"publish","type":"post","link":"https:\/\/aconquija.fmmiradio.com\/?p=1731","title":{"rendered":"Este viernes habr\u00e1 corte de agua en Lules"},"content":{"rendered":"\n<p>SAT Agencia LULES INFORMA que este viernes 14 se realizar\u00e1 la reparaci\u00f3n de hidrante por rotura del mismo en calle Zoilo Dom\u00ednguez y J . Luis Nougues. Por este motivo se proceder\u00e1 al corte del servicio en esa zona, en \u00e1rea baja de la quebrada y B\u00b025 de mayo. Se estima que Los trabajos terminar\u00e1n a hs 11, aproximadamente. <\/p>\n\n\n\n<figure class=\"wp-block-image size-full\"><img loading=\"lazy\" decoding=\"async\" width=\"600\" height=\"337\" src=\"https:\/\/aconquija.fmmiradio.com\/wp-content\/uploads\/2023\/04\/992_2.jpg\" alt=\"\" class=\"wp-image-1732\" srcset=\"https:\/\/aconquija.fmmiradio.com\/wp-content\/uploads\/2023\/04\/992_2.jpg 600w, https:\/\/aconquija.fmmiradio.com\/wp-content\/uploads\/2023\/04\/992_2-300x169.jpg 300w\" sizes=\"(max-width: 600px) 100vw, 600px\" \/><\/figure>\n","protected":false},"excerpt":{"rendered":"<p>SAT Agencia LULES INFORMA que este viernes 14 se realizar\u00e1 la reparaci\u00f3n de hidrante por rotura del mismo en calle Zoilo Dom\u00ednguez y J . Luis Nougues. Por este motivo se proceder\u00e1 al corte del servicio en esa zona, en \u00e1rea baja de la quebrada y B\u00b025 de mayo. Se estima que Los trabajos terminar\u00e1n &hellip;<\/p>\n","protected":false},"author":4,"featured_media":0,"comment_status":"open","ping_status":"open","sticky":false,"template":"","format":"standard","meta":{"footnotes":""},"categories":[69,101,105],"tags":[163,165,149,158,164,127],"class_list":["post-1731","post","type-post","status-publish","format-standard","","category-localidades","category-provincias","category-region","tag-agua","tag-cortes","tag-lules","tag-obras","tag-servicios","tag-tucuman"],"yoast_head":"<!-- This site is optimized with the Yoast SEO plugin v19.9 - https:\/\/yoast.com\/wordpress\/plugins\/seo\/ -->\n<title>Este viernes habr\u00e1 corte de agua en Lules - PORTAL NOTICIAS<\/title>\n<meta name=\"robots\" content=\"index, follow, max-snippet:-1, max-image-preview:large, max-video-preview:-1\" \/>\n<link rel=\"canonical\" href=\"https:\/\/aconquija.fmmiradio.com\/?p=1731\" \/>\n<meta property=\"og:locale\" content=\"es_ES\" \/>\n<meta property=\"og:type\" content=\"article\" \/>\n<meta property=\"og:title\" content=\"Este viernes habr\u00e1 corte de agua en Lules - PORTAL NOTICIAS\" \/>\n<meta property=\"og:description\" content=\"SAT Agencia LULES INFORMA que este viernes 14 se realizar\u00e1 la reparaci\u00f3n de hidrante por rotura del mismo en calle Zoilo Dom\u00ednguez y J . Luis Nougues. Por este motivo se proceder\u00e1 al corte del servicio en esa zona, en \u00e1rea baja de la quebrada y B\u00b025 de mayo. Se estima que Los trabajos terminar\u00e1n &hellip;\" \/>\n<meta property=\"og:url\" content=\"https:\/\/aconquija.fmmiradio.com\/?p=1731\" \/>\n<meta property=\"og:site_name\" content=\"PORTAL NOTICIAS\" \/>\n<meta property=\"article:published_time\" content=\"2023-04-14T10:25:02+00:00\" \/>\n<meta property=\"article:modified_time\" content=\"2023-04-14T10:25:04+00:00\" \/>\n<meta property=\"og:image\" content=\"https:\/\/aconquija.fmmiradio.com\/wp-content\/uploads\/2023\/04\/992_2.jpg\" \/>\n<meta name=\"author\" content=\"laaconquija\" \/>\n<meta name=\"twitter:card\" content=\"summary_large_image\" \/>\n<meta name=\"twitter:label1\" content=\"Escrito por\" \/>\n\t<meta name=\"twitter:data1\" content=\"laaconquija\" \/>\n\t<meta name=\"twitter:label2\" content=\"Tiempo de lectura\" \/>\n\t<meta name=\"twitter:data2\" content=\"1 minuto\" \/>\n<script type=\"application\/ld+json\" class=\"yoast-schema-graph\">{\"@context\":\"https:\/\/schema.org\",\"@graph\":[{\"@type\":\"WebPage\",\"@id\":\"https:\/\/aconquija.fmmiradio.com\/?p=1731\",\"url\":\"https:\/\/aconquija.fmmiradio.com\/?p=1731\",\"name\":\"Este viernes habr\u00e1 corte de agua en Lules - PORTAL NOTICIAS\",\"isPartOf\":{\"@id\":\"https:\/\/aconquija.fmmiradio.com\/#website\"},\"datePublished\":\"2023-04-14T10:25:02+00:00\",\"dateModified\":\"2023-04-14T10:25:04+00:00\",\"author\":{\"@id\":\"https:\/\/aconquija.fmmiradio.com\/#\/schema\/person\/de2d4f9f3072a99cc35eee3b24374870\"},\"breadcrumb\":{\"@id\":\"https:\/\/aconquija.fmmiradio.com\/?p=1731#breadcrumb\"},\"inLanguage\":\"es\",\"potentialAction\":[{\"@type\":\"ReadAction\",\"target\":[\"https:\/\/aconquija.fmmiradio.com\/?p=1731\"]}]},{\"@type\":\"BreadcrumbList\",\"@id\":\"https:\/\/aconquija.fmmiradio.com\/?p=1731#breadcrumb\",\"itemListElement\":[{\"@type\":\"ListItem\",\"position\":1,\"name\":\"Portada\",\"item\":\"https:\/\/aconquija.fmmiradio.com\/\"},{\"@type\":\"ListItem\",\"position\":2,\"name\":\"Este viernes habr\u00e1 corte de agua en Lules\"}]},{\"@type\":\"WebSite\",\"@id\":\"https:\/\/aconquija.fmmiradio.com\/#website\",\"url\":\"https:\/\/aconquija.fmmiradio.com\/\",\"name\":\"PORTAL NOTICIAS\",\"description\":\"\",\"potentialAction\":[{\"@type\":\"SearchAction\",\"target\":{\"@type\":\"EntryPoint\",\"urlTemplate\":\"https:\/\/aconquija.fmmiradio.com\/?s={search_term_string}\"},\"query-input\":\"required name=search_term_string\"}],\"inLanguage\":\"es\"},{\"@type\":\"Person\",\"@id\":\"https:\/\/aconquija.fmmiradio.com\/#\/schema\/person\/de2d4f9f3072a99cc35eee3b24374870\",\"name\":\"laaconquija\",\"image\":{\"@type\":\"ImageObject\",\"inLanguage\":\"es\",\"@id\":\"https:\/\/aconquija.fmmiradio.com\/#\/schema\/person\/image\/\",\"url\":\"https:\/\/secure.gravatar.com\/avatar\/44f4423b099f16a112aea17b0ad205d3?s=96&d=mm&r=g\",\"contentUrl\":\"https:\/\/secure.gravatar.com\/avatar\/44f4423b099f16a112aea17b0ad205d3?s=96&d=mm&r=g\",\"caption\":\"laaconquija\"},\"url\":\"https:\/\/aconquija.fmmiradio.com\/?author=4\"}]}<\/script>\n<!-- \/ Yoast SEO plugin. -->","yoast_head_json":{"title":"Este viernes habr\u00e1 corte de agua en Lules - PORTAL NOTICIAS","robots":{"index":"index","follow":"follow","max-snippet":"max-snippet:-1","max-image-preview":"max-image-preview:large","max-video-preview":"max-video-preview:-1"},"canonical":"https:\/\/aconquija.fmmiradio.com\/?p=1731","og_locale":"es_ES","og_type":"article","og_title":"Este viernes habr\u00e1 corte de agua en Lules - PORTAL NOTICIAS","og_description":"SAT Agencia LULES INFORMA que este viernes 14 se realizar\u00e1 la reparaci\u00f3n de hidrante por rotura del mismo en calle Zoilo Dom\u00ednguez y J . Luis Nougues. Por este motivo se proceder\u00e1 al corte del servicio en esa zona, en \u00e1rea baja de la quebrada y B\u00b025 de mayo. Se estima que Los trabajos terminar\u00e1n &hellip;","og_url":"https:\/\/aconquija.fmmiradio.com\/?p=1731","og_site_name":"PORTAL NOTICIAS","article_published_time":"2023-04-14T10:25:02+00:00","article_modified_time":"2023-04-14T10:25:04+00:00","og_image":[{"url":"https:\/\/aconquija.fmmiradio.com\/wp-content\/uploads\/2023\/04\/992_2.jpg"}],"author":"laaconquija","twitter_card":"summary_large_image","twitter_misc":{"Escrito por":"laaconquija","Tiempo de lectura":"1 minuto"},"schema":{"@context":"https:\/\/schema.org","@graph":[{"@type":"WebPage","@id":"https:\/\/aconquija.fmmiradio.com\/?p=1731","url":"https:\/\/aconquija.fmmiradio.com\/?p=1731","name":"Este viernes habr\u00e1 corte de agua en Lules - PORTAL NOTICIAS","isPartOf":{"@id":"https:\/\/aconquija.fmmiradio.com\/#website"},"datePublished":"2023-04-14T10:25:02+00:00","dateModified":"2023-04-14T10:25:04+00:00","author":{"@id":"https:\/\/aconquija.fmmiradio.com\/#\/schema\/person\/de2d4f9f3072a99cc35eee3b24374870"},"breadcrumb":{"@id":"https:\/\/aconquija.fmmiradio.com\/?p=1731#breadcrumb"},"inLanguage":"es","potentialAction":[{"@type":"ReadAction","target":["https:\/\/aconquija.fmmiradio.com\/?p=1731"]}]},{"@type":"BreadcrumbList","@id":"https:\/\/aconquija.fmmiradio.com\/?p=1731#breadcrumb","itemListElement":[{"@type":"ListItem","position":1,"name":"Portada","item":"https:\/\/aconquija.fmmiradio.com\/"},{"@type":"ListItem","position":2,"name":"Este viernes habr\u00e1 corte de agua en Lules"}]},{"@type":"WebSite","@id":"https:\/\/aconquija.fmmiradio.com\/#website","url":"https:\/\/aconquija.fmmiradio.com\/","name":"PORTAL NOTICIAS","description":"","potentialAction":[{"@type":"SearchAction","target":{"@type":"EntryPoint","urlTemplate":"https:\/\/aconquija.fmmiradio.com\/?s={search_term_string}"},"query-input":"required name=search_term_string"}],"inLanguage":"es"},{"@type":"Person","@id":"https:\/\/aconquija.fmmiradio.com\/#\/schema\/person\/de2d4f9f3072a99cc35eee3b24374870","name":"laaconquija","image":{"@type":"ImageObject","inLanguage":"es","@id":"https:\/\/aconquija.fmmiradio.com\/#\/schema\/person\/image\/","url":"https:\/\/secure.gravatar.com\/avatar\/44f4423b099f16a112aea17b0ad205d3?s=96&d=mm&r=g","contentUrl":"https:\/\/secure.gravatar.com\/avatar\/44f4423b099f16a112aea17b0ad205d3?s=96&d=mm&r=g","caption":"laaconquija"},"url":"https:\/\/aconquija.fmmiradio.com\/?author=4"}]}},"_links":{"self":[{"href":"https:\/\/aconquija.fmmiradio.com\/index.php?rest_route=\/wp\/v2\/posts\/1731"}],"collection":[{"href":"https:\/\/aconquija.fmmiradio.com\/index.php?rest_route=\/wp\/v2\/posts"}],"about":[{"href":"https:\/\/aconquija.fmmiradio.com\/index.php?rest_route=\/wp\/v2\/types\/post"}],"author":[{"embeddable":true,"href":"https:\/\/aconquija.fmmiradio.com\/index.php?rest_route=\/wp\/v2\/users\/4"}],"replies":[{"embeddable":true,"href":"https:\/\/aconquija.fmmiradio.com\/index.php?rest_route=%2Fwp%2Fv2%2Fcomments&post=1731"}],"version-history":[{"count":1,"href":"https:\/\/aconquija.fmmiradio.com\/index.php?rest_route=\/wp\/v2\/posts\/1731\/revisions"}],"predecessor-version":[{"id":1733,"href":"https:\/\/aconquija.fmmiradio.com\/index.php?rest_route=\/wp\/v2\/posts\/1731\/revisions\/1733"}],"wp:attachment":[{"href":"https:\/\/aconquija.fmmiradio.com\/index.php?rest_route=%2Fwp%2Fv2%2Fmedia&parent=1731"}],"wp:term":[{"taxonomy":"category","embeddable":true,"href":"https:\/\/aconquija.fmmiradio.com\/index.php?rest_route=%2Fwp%2Fv2%2Fcategories&post=1731"},{"taxonomy":"post_tag","embeddable":true,"href":"https:\/\/aconquija.fmmiradio.com\/index.php?rest_route=%2Fwp%2Fv2%2Ftags&post=1731"}],"curies":[{"name":"wp","href":"https:\/\/api.w.org\/{rel}","templated":true}]}}