{"id":1734,"date":"2023-04-17T12:04:40","date_gmt":"2023-04-17T15:04:40","guid":{"rendered":"https:\/\/aconquija.fmmiradio.com\/?p=1734"},"modified":"2023-04-17T12:04:41","modified_gmt":"2023-04-17T15:04:41","slug":"el-gobierno-nacional-lanzo-una-polemica-campana-para-promover-el-consumo-de-insectos","status":"publish","type":"post","link":"https:\/\/aconquija.fmmiradio.com\/?p=1734","title":{"rendered":"El Gobierno Nacional lanz\u00f3 una pol\u00e9mica campa\u00f1a para promover el consumo de insectos"},"content":{"rendered":"\n<p>A trav\u00e9s del SENASA, el Gobierno Nacional llev\u00f3 a cabo un encuentro que busca promover la ingesta de insectos por sus propiedades nutricionales y lo considera \u00abel futuro de la alimentaci\u00f3n humana y animal\u00bb. <\/p>\n\n\n\n<figure class=\"wp-block-image size-full is-resized\"><img loading=\"lazy\" decoding=\"async\" src=\"https:\/\/aconquija.fmmiradio.com\/wp-content\/uploads\/2023\/04\/portada-2-insectos-infocampo.jpg\" alt=\"\" class=\"wp-image-1735\" width=\"350\" height=\"197\" \/><\/figure>\n\n\n\n<p>El tweet del organismo desat\u00f3 una ola de cr\u00edticas de los usuarios de la red social. Hubo quienes le recordaron al Presidente Alberto Fern\u00e1ndez que una de sus promesas de campa\u00f1a en 2019 fue la de recuperar la tradici\u00f3n de consumir el asado del fin de semana, que se hab\u00eda perdido durante el gobierno de Mauricio Macri por los fuertes aumentos que sufrieron los tradicionales corres vacunos. <\/p>\n","protected":false},"excerpt":{"rendered":"<p>A trav\u00e9s del SENASA, el Gobierno Nacional llev\u00f3 a cabo un encuentro que busca promover la ingesta de insectos por sus propiedades nutricionales y lo considera \u00abel futuro de la alimentaci\u00f3n humana y animal\u00bb. El tweet del organismo desat\u00f3 una ola de cr\u00edticas de los usuarios de la red social. Hubo quienes le recordaron al &hellip;<\/p>\n","protected":false},"author":4,"featured_media":0,"comment_status":"open","ping_status":"open","sticky":false,"template":"","format":"standard","meta":{"footnotes":""},"categories":[66,67],"tags":[167,166,109,170,168,169],"class_list":["post-1734","post","type-post","status-publish","format-standard","","category-nacionales","category-tecnologia","tag-alberto","tag-gobierno","tag-inflacion","tag-insectos","tag-politica","tag-senasa"],"yoast_head":"<!-- This site is optimized with the Yoast SEO plugin v19.9 - https:\/\/yoast.com\/wordpress\/plugins\/seo\/ -->\n<title>El Gobierno Nacional lanz\u00f3 una pol\u00e9mica campa\u00f1a para promover el consumo de insectos - PORTAL NOTICIAS<\/title>\n<meta name=\"robots\" content=\"index, follow, max-snippet:-1, max-image-preview:large, max-video-preview:-1\" \/>\n<link rel=\"canonical\" href=\"https:\/\/aconquija.fmmiradio.com\/?p=1734\" \/>\n<meta property=\"og:locale\" content=\"es_ES\" \/>\n<meta property=\"og:type\" content=\"article\" \/>\n<meta property=\"og:title\" content=\"El Gobierno Nacional lanz\u00f3 una pol\u00e9mica campa\u00f1a para promover el consumo de insectos - PORTAL NOTICIAS\" \/>\n<meta property=\"og:description\" content=\"A trav\u00e9s del SENASA, el Gobierno Nacional llev\u00f3 a cabo un encuentro que busca promover la ingesta de insectos por sus propiedades nutricionales y lo considera \u00abel futuro de la alimentaci\u00f3n humana y animal\u00bb. El tweet del organismo desat\u00f3 una ola de cr\u00edticas de los usuarios de la red social. Hubo quienes le recordaron al &hellip;\" \/>\n<meta property=\"og:url\" content=\"https:\/\/aconquija.fmmiradio.com\/?p=1734\" \/>\n<meta property=\"og:site_name\" content=\"PORTAL NOTICIAS\" \/>\n<meta property=\"article:published_time\" content=\"2023-04-17T15:04:40+00:00\" \/>\n<meta property=\"article:modified_time\" content=\"2023-04-17T15:04:41+00:00\" \/>\n<meta property=\"og:image\" content=\"https:\/\/aconquija.fmmiradio.com\/wp-content\/uploads\/2023\/04\/portada-2-insectos-infocampo.jpg\" \/>\n<meta name=\"author\" content=\"laaconquija\" \/>\n<meta name=\"twitter:card\" content=\"summary_large_image\" \/>\n<meta name=\"twitter:label1\" content=\"Escrito por\" \/>\n\t<meta name=\"twitter:data1\" content=\"laaconquija\" \/>\n\t<meta name=\"twitter:label2\" content=\"Tiempo de lectura\" \/>\n\t<meta name=\"twitter:data2\" content=\"1 minuto\" \/>\n<script type=\"application\/ld+json\" class=\"yoast-schema-graph\">{\"@context\":\"https:\/\/schema.org\",\"@graph\":[{\"@type\":\"WebPage\",\"@id\":\"https:\/\/aconquija.fmmiradio.com\/?p=1734\",\"url\":\"https:\/\/aconquija.fmmiradio.com\/?p=1734\",\"name\":\"El Gobierno Nacional lanz\u00f3 una pol\u00e9mica campa\u00f1a para promover el consumo de insectos - PORTAL NOTICIAS\",\"isPartOf\":{\"@id\":\"https:\/\/aconquija.fmmiradio.com\/#website\"},\"datePublished\":\"2023-04-17T15:04:40+00:00\",\"dateModified\":\"2023-04-17T15:04:41+00:00\",\"author\":{\"@id\":\"https:\/\/aconquija.fmmiradio.com\/#\/schema\/person\/de2d4f9f3072a99cc35eee3b24374870\"},\"breadcrumb\":{\"@id\":\"https:\/\/aconquija.fmmiradio.com\/?p=1734#breadcrumb\"},\"inLanguage\":\"es\",\"potentialAction\":[{\"@type\":\"ReadAction\",\"target\":[\"https:\/\/aconquija.fmmiradio.com\/?p=1734\"]}]},{\"@type\":\"BreadcrumbList\",\"@id\":\"https:\/\/aconquija.fmmiradio.com\/?p=1734#breadcrumb\",\"itemListElement\":[{\"@type\":\"ListItem\",\"position\":1,\"name\":\"Portada\",\"item\":\"https:\/\/aconquija.fmmiradio.com\/\"},{\"@type\":\"ListItem\",\"position\":2,\"name\":\"El Gobierno Nacional lanz\u00f3 una pol\u00e9mica campa\u00f1a para promover el consumo de insectos\"}]},{\"@type\":\"WebSite\",\"@id\":\"https:\/\/aconquija.fmmiradio.com\/#website\",\"url\":\"https:\/\/aconquija.fmmiradio.com\/\",\"name\":\"PORTAL NOTICIAS\",\"description\":\"\",\"potentialAction\":[{\"@type\":\"SearchAction\",\"target\":{\"@type\":\"EntryPoint\",\"urlTemplate\":\"https:\/\/aconquija.fmmiradio.com\/?s={search_term_string}\"},\"query-input\":\"required name=search_term_string\"}],\"inLanguage\":\"es\"},{\"@type\":\"Person\",\"@id\":\"https:\/\/aconquija.fmmiradio.com\/#\/schema\/person\/de2d4f9f3072a99cc35eee3b24374870\",\"name\":\"laaconquija\",\"image\":{\"@type\":\"ImageObject\",\"inLanguage\":\"es\",\"@id\":\"https:\/\/aconquija.fmmiradio.com\/#\/schema\/person\/image\/\",\"url\":\"https:\/\/secure.gravatar.com\/avatar\/44f4423b099f16a112aea17b0ad205d3?s=96&d=mm&r=g\",\"contentUrl\":\"https:\/\/secure.gravatar.com\/avatar\/44f4423b099f16a112aea17b0ad205d3?s=96&d=mm&r=g\",\"caption\":\"laaconquija\"},\"url\":\"https:\/\/aconquija.fmmiradio.com\/?author=4\"}]}<\/script>\n<!-- \/ Yoast SEO plugin. -->","yoast_head_json":{"title":"El Gobierno Nacional lanz\u00f3 una pol\u00e9mica campa\u00f1a para promover el consumo de insectos - PORTAL NOTICIAS","robots":{"index":"index","follow":"follow","max-snippet":"max-snippet:-1","max-image-preview":"max-image-preview:large","max-video-preview":"max-video-preview:-1"},"canonical":"https:\/\/aconquija.fmmiradio.com\/?p=1734","og_locale":"es_ES","og_type":"article","og_title":"El Gobierno Nacional lanz\u00f3 una pol\u00e9mica campa\u00f1a para promover el consumo de insectos - PORTAL NOTICIAS","og_description":"A trav\u00e9s del SENASA, el Gobierno Nacional llev\u00f3 a cabo un encuentro que busca promover la ingesta de insectos por sus propiedades nutricionales y lo considera \u00abel futuro de la alimentaci\u00f3n humana y animal\u00bb. El tweet del organismo desat\u00f3 una ola de cr\u00edticas de los usuarios de la red social. Hubo quienes le recordaron al &hellip;","og_url":"https:\/\/aconquija.fmmiradio.com\/?p=1734","og_site_name":"PORTAL NOTICIAS","article_published_time":"2023-04-17T15:04:40+00:00","article_modified_time":"2023-04-17T15:04:41+00:00","og_image":[{"url":"https:\/\/aconquija.fmmiradio.com\/wp-content\/uploads\/2023\/04\/portada-2-insectos-infocampo.jpg"}],"author":"laaconquija","twitter_card":"summary_large_image","twitter_misc":{"Escrito por":"laaconquija","Tiempo de lectura":"1 minuto"},"schema":{"@context":"https:\/\/schema.org","@graph":[{"@type":"WebPage","@id":"https:\/\/aconquija.fmmiradio.com\/?p=1734","url":"https:\/\/aconquija.fmmiradio.com\/?p=1734","name":"El Gobierno Nacional lanz\u00f3 una pol\u00e9mica campa\u00f1a para promover el consumo de insectos - PORTAL NOTICIAS","isPartOf":{"@id":"https:\/\/aconquija.fmmiradio.com\/#website"},"datePublished":"2023-04-17T15:04:40+00:00","dateModified":"2023-04-17T15:04:41+00:00","author":{"@id":"https:\/\/aconquija.fmmiradio.com\/#\/schema\/person\/de2d4f9f3072a99cc35eee3b24374870"},"breadcrumb":{"@id":"https:\/\/aconquija.fmmiradio.com\/?p=1734#breadcrumb"},"inLanguage":"es","potentialAction":[{"@type":"ReadAction","target":["https:\/\/aconquija.fmmiradio.com\/?p=1734"]}]},{"@type":"BreadcrumbList","@id":"https:\/\/aconquija.fmmiradio.com\/?p=1734#breadcrumb","itemListElement":[{"@type":"ListItem","position":1,"name":"Portada","item":"https:\/\/aconquija.fmmiradio.com\/"},{"@type":"ListItem","position":2,"name":"El Gobierno Nacional lanz\u00f3 una pol\u00e9mica campa\u00f1a para promover el consumo de insectos"}]},{"@type":"WebSite","@id":"https:\/\/aconquija.fmmiradio.com\/#website","url":"https:\/\/aconquija.fmmiradio.com\/","name":"PORTAL NOTICIAS","description":"","potentialAction":[{"@type":"SearchAction","target":{"@type":"EntryPoint","urlTemplate":"https:\/\/aconquija.fmmiradio.com\/?s={search_term_string}"},"query-input":"required name=search_term_string"}],"inLanguage":"es"},{"@type":"Person","@id":"https:\/\/aconquija.fmmiradio.com\/#\/schema\/person\/de2d4f9f3072a99cc35eee3b24374870","name":"laaconquija","image":{"@type":"ImageObject","inLanguage":"es","@id":"https:\/\/aconquija.fmmiradio.com\/#\/schema\/person\/image\/","url":"https:\/\/secure.gravatar.com\/avatar\/44f4423b099f16a112aea17b0ad205d3?s=96&d=mm&r=g","contentUrl":"https:\/\/secure.gravatar.com\/avatar\/44f4423b099f16a112aea17b0ad205d3?s=96&d=mm&r=g","caption":"laaconquija"},"url":"https:\/\/aconquija.fmmiradio.com\/?author=4"}]}},"_links":{"self":[{"href":"https:\/\/aconquija.fmmiradio.com\/index.php?rest_route=\/wp\/v2\/posts\/1734"}],"collection":[{"href":"https:\/\/aconquija.fmmiradio.com\/index.php?rest_route=\/wp\/v2\/posts"}],"about":[{"href":"https:\/\/aconquija.fmmiradio.com\/index.php?rest_route=\/wp\/v2\/types\/post"}],"author":[{"embeddable":true,"href":"https:\/\/aconquija.fmmiradio.com\/index.php?rest_route=\/wp\/v2\/users\/4"}],"replies":[{"embeddable":true,"href":"https:\/\/aconquija.fmmiradio.com\/index.php?rest_route=%2Fwp%2Fv2%2Fcomments&post=1734"}],"version-history":[{"count":1,"href":"https:\/\/aconquija.fmmiradio.com\/index.php?rest_route=\/wp\/v2\/posts\/1734\/revisions"}],"predecessor-version":[{"id":1736,"href":"https:\/\/aconquija.fmmiradio.com\/index.php?rest_route=\/wp\/v2\/posts\/1734\/revisions\/1736"}],"wp:attachment":[{"href":"https:\/\/aconquija.fmmiradio.com\/index.php?rest_route=%2Fwp%2Fv2%2Fmedia&parent=1734"}],"wp:term":[{"taxonomy":"category","embeddable":true,"href":"https:\/\/aconquija.fmmiradio.com\/index.php?rest_route=%2Fwp%2Fv2%2Fcategories&post=1734"},{"taxonomy":"post_tag","embeddable":true,"href":"https:\/\/aconquija.fmmiradio.com\/index.php?rest_route=%2Fwp%2Fv2%2Ftags&post=1734"}],"curies":[{"name":"wp","href":"https:\/\/api.w.org\/{rel}","templated":true}]}}