{"id":1737,"date":"2023-04-17T12:18:04","date_gmt":"2023-04-17T15:18:04","guid":{"rendered":"https:\/\/aconquija.fmmiradio.com\/?p=1737"},"modified":"2023-04-17T12:18:41","modified_gmt":"2023-04-17T15:18:41","slug":"fallecio-marcelo-gallia-hermano-del-intendente-de-lules","status":"publish","type":"post","link":"https:\/\/aconquija.fmmiradio.com\/?p=1737","title":{"rendered":"Falleci\u00f3 Marcelo Gallia, hermano del Intendente de Lules"},"content":{"rendered":"\n<figure class=\"wp-block-image size-full\"><img loading=\"lazy\" decoding=\"async\" width=\"720\" height=\"809\" src=\"https:\/\/aconquija.fmmiradio.com\/wp-content\/uploads\/2023\/04\/FB_IMG_1681744147673.jpg\" alt=\"\" class=\"wp-image-1738\" srcset=\"https:\/\/aconquija.fmmiradio.com\/wp-content\/uploads\/2023\/04\/FB_IMG_1681744147673.jpg 720w, https:\/\/aconquija.fmmiradio.com\/wp-content\/uploads\/2023\/04\/FB_IMG_1681744147673-267x300.jpg 267w\" sizes=\"(max-width: 720px) 100vw, 720px\" \/><\/figure>\n\n\n\n<p>Sus restos ser\u00e1n inhumados este mediod\u00eda con el acompa\u00f1amiento de toda la comunidad junto a la familia del Intendente C.P.N. Carlos Gallia. <\/p>\n\n\n\n<p><div>\u201cEn ese nuevo mundo en el que est\u00e1s no existen ni el dolor ni la tristeza. Por aqu\u00ed te extra\u00f1aremos mucho, pero estoy seguro de que nos volveremos a encontrar. Dios ayuda con este dolor a su Madre Hermanos, dem\u00e1s familiares, Amigos y dale una pronta resignaci\u00f3n en este dif\u00edcil momento  \u00a1Hasta la vista, querido amigo!\u201d Marcelo Gallia  <\/div><\/p>\n\n\n\n<p><\/p>\n\n\n\n<p>Directivos y Personal de Fm Aconquija Lules<\/p>\n","protected":false},"excerpt":{"rendered":"<p>Sus restos ser\u00e1n inhumados este mediod\u00eda con el acompa\u00f1amiento de toda la comunidad junto a la familia del Intendente C.P.N. Carlos Gallia. \u201cEn ese nuevo mundo en el que est\u00e1s no existen ni el dolor ni la tristeza. Por aqu\u00ed te extra\u00f1aremos mucho, pero estoy seguro de que nos volveremos a encontrar. Dios ayuda con &hellip;<\/p>\n","protected":false},"author":4,"featured_media":0,"comment_status":"open","ping_status":"open","sticky":false,"template":"","format":"standard","meta":{"footnotes":""},"categories":[69,101],"tags":[162,149,171,168,127],"class_list":["post-1737","post","type-post","status-publish","format-standard","","category-localidades","category-provincias","tag-gallia","tag-lules","tag-muerte","tag-politica","tag-tucuman"],"yoast_head":"<!-- This site is optimized with the Yoast SEO plugin v19.9 - https:\/\/yoast.com\/wordpress\/plugins\/seo\/ -->\n<title>Falleci\u00f3 Marcelo Gallia, hermano del Intendente de Lules - PORTAL NOTICIAS<\/title>\n<meta name=\"robots\" content=\"index, follow, max-snippet:-1, max-image-preview:large, max-video-preview:-1\" \/>\n<link rel=\"canonical\" href=\"https:\/\/aconquija.fmmiradio.com\/?p=1737\" \/>\n<meta property=\"og:locale\" content=\"es_ES\" \/>\n<meta property=\"og:type\" content=\"article\" \/>\n<meta property=\"og:title\" content=\"Falleci\u00f3 Marcelo Gallia, hermano del Intendente de Lules - PORTAL NOTICIAS\" \/>\n<meta property=\"og:description\" content=\"Sus restos ser\u00e1n inhumados este mediod\u00eda con el acompa\u00f1amiento de toda la comunidad junto a la familia del Intendente C.P.N. Carlos Gallia. \u201cEn ese nuevo mundo en el que est\u00e1s no existen ni el dolor ni la tristeza. Por aqu\u00ed te extra\u00f1aremos mucho, pero estoy seguro de que nos volveremos a encontrar. Dios ayuda con &hellip;\" \/>\n<meta property=\"og:url\" content=\"https:\/\/aconquija.fmmiradio.com\/?p=1737\" \/>\n<meta property=\"og:site_name\" content=\"PORTAL NOTICIAS\" \/>\n<meta property=\"article:published_time\" content=\"2023-04-17T15:18:04+00:00\" \/>\n<meta property=\"article:modified_time\" content=\"2023-04-17T15:18:41+00:00\" \/>\n<meta property=\"og:image\" content=\"https:\/\/aconquija.fmmiradio.com\/wp-content\/uploads\/2023\/04\/FB_IMG_1681744147673.jpg\" \/>\n<meta name=\"author\" content=\"laaconquija\" \/>\n<meta name=\"twitter:card\" content=\"summary_large_image\" \/>\n<meta name=\"twitter:label1\" content=\"Escrito por\" \/>\n\t<meta name=\"twitter:data1\" content=\"laaconquija\" \/>\n\t<meta name=\"twitter:label2\" content=\"Tiempo de lectura\" \/>\n\t<meta name=\"twitter:data2\" content=\"1 minuto\" \/>\n<script type=\"application\/ld+json\" class=\"yoast-schema-graph\">{\"@context\":\"https:\/\/schema.org\",\"@graph\":[{\"@type\":\"WebPage\",\"@id\":\"https:\/\/aconquija.fmmiradio.com\/?p=1737\",\"url\":\"https:\/\/aconquija.fmmiradio.com\/?p=1737\",\"name\":\"Falleci\u00f3 Marcelo Gallia, hermano del Intendente de Lules - PORTAL NOTICIAS\",\"isPartOf\":{\"@id\":\"https:\/\/aconquija.fmmiradio.com\/#website\"},\"datePublished\":\"2023-04-17T15:18:04+00:00\",\"dateModified\":\"2023-04-17T15:18:41+00:00\",\"author\":{\"@id\":\"https:\/\/aconquija.fmmiradio.com\/#\/schema\/person\/de2d4f9f3072a99cc35eee3b24374870\"},\"breadcrumb\":{\"@id\":\"https:\/\/aconquija.fmmiradio.com\/?p=1737#breadcrumb\"},\"inLanguage\":\"es\",\"potentialAction\":[{\"@type\":\"ReadAction\",\"target\":[\"https:\/\/aconquija.fmmiradio.com\/?p=1737\"]}]},{\"@type\":\"BreadcrumbList\",\"@id\":\"https:\/\/aconquija.fmmiradio.com\/?p=1737#breadcrumb\",\"itemListElement\":[{\"@type\":\"ListItem\",\"position\":1,\"name\":\"Portada\",\"item\":\"https:\/\/aconquija.fmmiradio.com\/\"},{\"@type\":\"ListItem\",\"position\":2,\"name\":\"Falleci\u00f3 Marcelo Gallia, hermano del Intendente de Lules\"}]},{\"@type\":\"WebSite\",\"@id\":\"https:\/\/aconquija.fmmiradio.com\/#website\",\"url\":\"https:\/\/aconquija.fmmiradio.com\/\",\"name\":\"PORTAL NOTICIAS\",\"description\":\"\",\"potentialAction\":[{\"@type\":\"SearchAction\",\"target\":{\"@type\":\"EntryPoint\",\"urlTemplate\":\"https:\/\/aconquija.fmmiradio.com\/?s={search_term_string}\"},\"query-input\":\"required name=search_term_string\"}],\"inLanguage\":\"es\"},{\"@type\":\"Person\",\"@id\":\"https:\/\/aconquija.fmmiradio.com\/#\/schema\/person\/de2d4f9f3072a99cc35eee3b24374870\",\"name\":\"laaconquija\",\"image\":{\"@type\":\"ImageObject\",\"inLanguage\":\"es\",\"@id\":\"https:\/\/aconquija.fmmiradio.com\/#\/schema\/person\/image\/\",\"url\":\"https:\/\/secure.gravatar.com\/avatar\/44f4423b099f16a112aea17b0ad205d3?s=96&d=mm&r=g\",\"contentUrl\":\"https:\/\/secure.gravatar.com\/avatar\/44f4423b099f16a112aea17b0ad205d3?s=96&d=mm&r=g\",\"caption\":\"laaconquija\"},\"url\":\"https:\/\/aconquija.fmmiradio.com\/?author=4\"}]}<\/script>\n<!-- \/ Yoast SEO plugin. -->","yoast_head_json":{"title":"Falleci\u00f3 Marcelo Gallia, hermano del Intendente de Lules - PORTAL NOTICIAS","robots":{"index":"index","follow":"follow","max-snippet":"max-snippet:-1","max-image-preview":"max-image-preview:large","max-video-preview":"max-video-preview:-1"},"canonical":"https:\/\/aconquija.fmmiradio.com\/?p=1737","og_locale":"es_ES","og_type":"article","og_title":"Falleci\u00f3 Marcelo Gallia, hermano del Intendente de Lules - PORTAL NOTICIAS","og_description":"Sus restos ser\u00e1n inhumados este mediod\u00eda con el acompa\u00f1amiento de toda la comunidad junto a la familia del Intendente C.P.N. Carlos Gallia. \u201cEn ese nuevo mundo en el que est\u00e1s no existen ni el dolor ni la tristeza. Por aqu\u00ed te extra\u00f1aremos mucho, pero estoy seguro de que nos volveremos a encontrar. Dios ayuda con &hellip;","og_url":"https:\/\/aconquija.fmmiradio.com\/?p=1737","og_site_name":"PORTAL NOTICIAS","article_published_time":"2023-04-17T15:18:04+00:00","article_modified_time":"2023-04-17T15:18:41+00:00","og_image":[{"url":"https:\/\/aconquija.fmmiradio.com\/wp-content\/uploads\/2023\/04\/FB_IMG_1681744147673.jpg"}],"author":"laaconquija","twitter_card":"summary_large_image","twitter_misc":{"Escrito por":"laaconquija","Tiempo de lectura":"1 minuto"},"schema":{"@context":"https:\/\/schema.org","@graph":[{"@type":"WebPage","@id":"https:\/\/aconquija.fmmiradio.com\/?p=1737","url":"https:\/\/aconquija.fmmiradio.com\/?p=1737","name":"Falleci\u00f3 Marcelo Gallia, hermano del Intendente de Lules - PORTAL NOTICIAS","isPartOf":{"@id":"https:\/\/aconquija.fmmiradio.com\/#website"},"datePublished":"2023-04-17T15:18:04+00:00","dateModified":"2023-04-17T15:18:41+00:00","author":{"@id":"https:\/\/aconquija.fmmiradio.com\/#\/schema\/person\/de2d4f9f3072a99cc35eee3b24374870"},"breadcrumb":{"@id":"https:\/\/aconquija.fmmiradio.com\/?p=1737#breadcrumb"},"inLanguage":"es","potentialAction":[{"@type":"ReadAction","target":["https:\/\/aconquija.fmmiradio.com\/?p=1737"]}]},{"@type":"BreadcrumbList","@id":"https:\/\/aconquija.fmmiradio.com\/?p=1737#breadcrumb","itemListElement":[{"@type":"ListItem","position":1,"name":"Portada","item":"https:\/\/aconquija.fmmiradio.com\/"},{"@type":"ListItem","position":2,"name":"Falleci\u00f3 Marcelo Gallia, hermano del Intendente de Lules"}]},{"@type":"WebSite","@id":"https:\/\/aconquija.fmmiradio.com\/#website","url":"https:\/\/aconquija.fmmiradio.com\/","name":"PORTAL NOTICIAS","description":"","potentialAction":[{"@type":"SearchAction","target":{"@type":"EntryPoint","urlTemplate":"https:\/\/aconquija.fmmiradio.com\/?s={search_term_string}"},"query-input":"required name=search_term_string"}],"inLanguage":"es"},{"@type":"Person","@id":"https:\/\/aconquija.fmmiradio.com\/#\/schema\/person\/de2d4f9f3072a99cc35eee3b24374870","name":"laaconquija","image":{"@type":"ImageObject","inLanguage":"es","@id":"https:\/\/aconquija.fmmiradio.com\/#\/schema\/person\/image\/","url":"https:\/\/secure.gravatar.com\/avatar\/44f4423b099f16a112aea17b0ad205d3?s=96&d=mm&r=g","contentUrl":"https:\/\/secure.gravatar.com\/avatar\/44f4423b099f16a112aea17b0ad205d3?s=96&d=mm&r=g","caption":"laaconquija"},"url":"https:\/\/aconquija.fmmiradio.com\/?author=4"}]}},"_links":{"self":[{"href":"https:\/\/aconquija.fmmiradio.com\/index.php?rest_route=\/wp\/v2\/posts\/1737"}],"collection":[{"href":"https:\/\/aconquija.fmmiradio.com\/index.php?rest_route=\/wp\/v2\/posts"}],"about":[{"href":"https:\/\/aconquija.fmmiradio.com\/index.php?rest_route=\/wp\/v2\/types\/post"}],"author":[{"embeddable":true,"href":"https:\/\/aconquija.fmmiradio.com\/index.php?rest_route=\/wp\/v2\/users\/4"}],"replies":[{"embeddable":true,"href":"https:\/\/aconquija.fmmiradio.com\/index.php?rest_route=%2Fwp%2Fv2%2Fcomments&post=1737"}],"version-history":[{"count":2,"href":"https:\/\/aconquija.fmmiradio.com\/index.php?rest_route=\/wp\/v2\/posts\/1737\/revisions"}],"predecessor-version":[{"id":1740,"href":"https:\/\/aconquija.fmmiradio.com\/index.php?rest_route=\/wp\/v2\/posts\/1737\/revisions\/1740"}],"wp:attachment":[{"href":"https:\/\/aconquija.fmmiradio.com\/index.php?rest_route=%2Fwp%2Fv2%2Fmedia&parent=1737"}],"wp:term":[{"taxonomy":"category","embeddable":true,"href":"https:\/\/aconquija.fmmiradio.com\/index.php?rest_route=%2Fwp%2Fv2%2Fcategories&post=1737"},{"taxonomy":"post_tag","embeddable":true,"href":"https:\/\/aconquija.fmmiradio.com\/index.php?rest_route=%2Fwp%2Fv2%2Ftags&post=1737"}],"curies":[{"name":"wp","href":"https:\/\/api.w.org\/{rel}","templated":true}]}}