{"id":1751,"date":"2023-04-25T12:14:19","date_gmt":"2023-04-25T15:14:19","guid":{"rendered":"https:\/\/aconquija.fmmiradio.com\/?p=1751"},"modified":"2023-04-25T12:14:20","modified_gmt":"2023-04-25T15:14:20","slug":"protesta-de-la-ccc-en-plaza-independencia","status":"publish","type":"post","link":"https:\/\/aconquija.fmmiradio.com\/?p=1751","title":{"rendered":"Protesta de la CCC en Plaza Independencia"},"content":{"rendered":"\n<figure class=\"wp-block-video\"><video controls src=\"https:\/\/aconquija.fmmiradio.com\/wp-content\/uploads\/2023\/04\/VID-20230425-WA0014.mp4\"><\/video><\/figure>\n\n\n\n<p>Desde la Corriente Clasista y Combativa, Antonio Su\u00e1rez, explic\u00f3 que enviaron un petitorio dirigido a las autoridades del Ministerio de Educaci\u00f3n y del Ejecutivo Provincial para solicitar la incorporaci\u00f3n de trabajadores desocupados como parte del personal auxiliar de las escuelas. <\/p>\n\n\n\n<p>Desde el Ministerio de Educaci\u00f3n les habr\u00edan prometido la asignaci\u00f3n de un cupo de 200 trabajadores dividido en dos etapas pero, lament\u00f3 que esto no fuera trasladado a\u00fan a las m\u00e1ximas autoridades de esa cartera para que obtenga alguna resolucion favorable.<\/p>\n\n\n\n<p>Cientos de manifestantes se movilizaron desde distintos puntos de la provincia y se concentraron en la intersecci\u00f3n de San Martin y 25 de Mayo para hacer sentir su malestar.<\/p>\n\n\n\n<p>Inform\u00f3: Felipe Maidana <\/p>\n","protected":false},"excerpt":{"rendered":"<p>Desde la Corriente Clasista y Combativa, Antonio Su\u00e1rez, explic\u00f3 que enviaron un petitorio dirigido a las autoridades del Ministerio de Educaci\u00f3n y del Ejecutivo Provincial para solicitar la incorporaci\u00f3n de trabajadores desocupados como parte del personal auxiliar de las escuelas. Desde el Ministerio de Educaci\u00f3n les habr\u00edan prometido la asignaci\u00f3n de un cupo de 200 &hellip;<\/p>\n","protected":false},"author":4,"featured_media":0,"comment_status":"open","ping_status":"open","sticky":false,"template":"","format":"standard","meta":{"footnotes":""},"categories":[69,66,101],"tags":[186,153,189,109,187,185,107,188,127],"class_list":["post-1751","post","type-post","status-publish","format-standard","","category-localidades","category-nacionales","category-provincias","tag-ccc","tag-educacion","tag-escuelas","tag-inflacion","tag-plaza-independencia","tag-protesta","tag-salarios","tag-transito","tag-tucuman"],"yoast_head":"<!-- This site is optimized with the Yoast SEO plugin v19.9 - https:\/\/yoast.com\/wordpress\/plugins\/seo\/ -->\n<title>Protesta de la CCC en Plaza Independencia - PORTAL NOTICIAS<\/title>\n<meta name=\"robots\" content=\"index, follow, max-snippet:-1, max-image-preview:large, max-video-preview:-1\" \/>\n<link rel=\"canonical\" href=\"https:\/\/aconquija.fmmiradio.com\/?p=1751\" \/>\n<meta property=\"og:locale\" content=\"es_ES\" \/>\n<meta property=\"og:type\" content=\"article\" \/>\n<meta property=\"og:title\" content=\"Protesta de la CCC en Plaza Independencia - PORTAL NOTICIAS\" \/>\n<meta property=\"og:description\" content=\"Desde la Corriente Clasista y Combativa, Antonio Su\u00e1rez, explic\u00f3 que enviaron un petitorio dirigido a las autoridades del Ministerio de Educaci\u00f3n y del Ejecutivo Provincial para solicitar la incorporaci\u00f3n de trabajadores desocupados como parte del personal auxiliar de las escuelas. Desde el Ministerio de Educaci\u00f3n les habr\u00edan prometido la asignaci\u00f3n de un cupo de 200 &hellip;\" \/>\n<meta property=\"og:url\" content=\"https:\/\/aconquija.fmmiradio.com\/?p=1751\" \/>\n<meta property=\"og:site_name\" content=\"PORTAL NOTICIAS\" \/>\n<meta property=\"article:published_time\" content=\"2023-04-25T15:14:19+00:00\" \/>\n<meta property=\"article:modified_time\" content=\"2023-04-25T15:14:20+00:00\" \/>\n<meta name=\"author\" content=\"laaconquija\" \/>\n<meta name=\"twitter:card\" content=\"summary_large_image\" \/>\n<meta name=\"twitter:label1\" content=\"Escrito por\" \/>\n\t<meta name=\"twitter:data1\" content=\"laaconquija\" \/>\n\t<meta name=\"twitter:label2\" content=\"Tiempo de lectura\" \/>\n\t<meta name=\"twitter:data2\" content=\"1 minuto\" \/>\n<script type=\"application\/ld+json\" class=\"yoast-schema-graph\">{\"@context\":\"https:\/\/schema.org\",\"@graph\":[{\"@type\":\"WebPage\",\"@id\":\"https:\/\/aconquija.fmmiradio.com\/?p=1751\",\"url\":\"https:\/\/aconquija.fmmiradio.com\/?p=1751\",\"name\":\"Protesta de la CCC en Plaza Independencia - PORTAL NOTICIAS\",\"isPartOf\":{\"@id\":\"https:\/\/aconquija.fmmiradio.com\/#website\"},\"datePublished\":\"2023-04-25T15:14:19+00:00\",\"dateModified\":\"2023-04-25T15:14:20+00:00\",\"author\":{\"@id\":\"https:\/\/aconquija.fmmiradio.com\/#\/schema\/person\/de2d4f9f3072a99cc35eee3b24374870\"},\"breadcrumb\":{\"@id\":\"https:\/\/aconquija.fmmiradio.com\/?p=1751#breadcrumb\"},\"inLanguage\":\"es\",\"potentialAction\":[{\"@type\":\"ReadAction\",\"target\":[\"https:\/\/aconquija.fmmiradio.com\/?p=1751\"]}]},{\"@type\":\"BreadcrumbList\",\"@id\":\"https:\/\/aconquija.fmmiradio.com\/?p=1751#breadcrumb\",\"itemListElement\":[{\"@type\":\"ListItem\",\"position\":1,\"name\":\"Portada\",\"item\":\"https:\/\/aconquija.fmmiradio.com\/\"},{\"@type\":\"ListItem\",\"position\":2,\"name\":\"Protesta de la CCC en Plaza Independencia\"}]},{\"@type\":\"WebSite\",\"@id\":\"https:\/\/aconquija.fmmiradio.com\/#website\",\"url\":\"https:\/\/aconquija.fmmiradio.com\/\",\"name\":\"PORTAL NOTICIAS\",\"description\":\"\",\"potentialAction\":[{\"@type\":\"SearchAction\",\"target\":{\"@type\":\"EntryPoint\",\"urlTemplate\":\"https:\/\/aconquija.fmmiradio.com\/?s={search_term_string}\"},\"query-input\":\"required name=search_term_string\"}],\"inLanguage\":\"es\"},{\"@type\":\"Person\",\"@id\":\"https:\/\/aconquija.fmmiradio.com\/#\/schema\/person\/de2d4f9f3072a99cc35eee3b24374870\",\"name\":\"laaconquija\",\"image\":{\"@type\":\"ImageObject\",\"inLanguage\":\"es\",\"@id\":\"https:\/\/aconquija.fmmiradio.com\/#\/schema\/person\/image\/\",\"url\":\"https:\/\/secure.gravatar.com\/avatar\/44f4423b099f16a112aea17b0ad205d3?s=96&d=mm&r=g\",\"contentUrl\":\"https:\/\/secure.gravatar.com\/avatar\/44f4423b099f16a112aea17b0ad205d3?s=96&d=mm&r=g\",\"caption\":\"laaconquija\"},\"url\":\"https:\/\/aconquija.fmmiradio.com\/?author=4\"}]}<\/script>\n<!-- \/ Yoast SEO plugin. -->","yoast_head_json":{"title":"Protesta de la CCC en Plaza Independencia - PORTAL NOTICIAS","robots":{"index":"index","follow":"follow","max-snippet":"max-snippet:-1","max-image-preview":"max-image-preview:large","max-video-preview":"max-video-preview:-1"},"canonical":"https:\/\/aconquija.fmmiradio.com\/?p=1751","og_locale":"es_ES","og_type":"article","og_title":"Protesta de la CCC en Plaza Independencia - PORTAL NOTICIAS","og_description":"Desde la Corriente Clasista y Combativa, Antonio Su\u00e1rez, explic\u00f3 que enviaron un petitorio dirigido a las autoridades del Ministerio de Educaci\u00f3n y del Ejecutivo Provincial para solicitar la incorporaci\u00f3n de trabajadores desocupados como parte del personal auxiliar de las escuelas. Desde el Ministerio de Educaci\u00f3n les habr\u00edan prometido la asignaci\u00f3n de un cupo de 200 &hellip;","og_url":"https:\/\/aconquija.fmmiradio.com\/?p=1751","og_site_name":"PORTAL NOTICIAS","article_published_time":"2023-04-25T15:14:19+00:00","article_modified_time":"2023-04-25T15:14:20+00:00","author":"laaconquija","twitter_card":"summary_large_image","twitter_misc":{"Escrito por":"laaconquija","Tiempo de lectura":"1 minuto"},"schema":{"@context":"https:\/\/schema.org","@graph":[{"@type":"WebPage","@id":"https:\/\/aconquija.fmmiradio.com\/?p=1751","url":"https:\/\/aconquija.fmmiradio.com\/?p=1751","name":"Protesta de la CCC en Plaza Independencia - PORTAL NOTICIAS","isPartOf":{"@id":"https:\/\/aconquija.fmmiradio.com\/#website"},"datePublished":"2023-04-25T15:14:19+00:00","dateModified":"2023-04-25T15:14:20+00:00","author":{"@id":"https:\/\/aconquija.fmmiradio.com\/#\/schema\/person\/de2d4f9f3072a99cc35eee3b24374870"},"breadcrumb":{"@id":"https:\/\/aconquija.fmmiradio.com\/?p=1751#breadcrumb"},"inLanguage":"es","potentialAction":[{"@type":"ReadAction","target":["https:\/\/aconquija.fmmiradio.com\/?p=1751"]}]},{"@type":"BreadcrumbList","@id":"https:\/\/aconquija.fmmiradio.com\/?p=1751#breadcrumb","itemListElement":[{"@type":"ListItem","position":1,"name":"Portada","item":"https:\/\/aconquija.fmmiradio.com\/"},{"@type":"ListItem","position":2,"name":"Protesta de la CCC en Plaza Independencia"}]},{"@type":"WebSite","@id":"https:\/\/aconquija.fmmiradio.com\/#website","url":"https:\/\/aconquija.fmmiradio.com\/","name":"PORTAL NOTICIAS","description":"","potentialAction":[{"@type":"SearchAction","target":{"@type":"EntryPoint","urlTemplate":"https:\/\/aconquija.fmmiradio.com\/?s={search_term_string}"},"query-input":"required name=search_term_string"}],"inLanguage":"es"},{"@type":"Person","@id":"https:\/\/aconquija.fmmiradio.com\/#\/schema\/person\/de2d4f9f3072a99cc35eee3b24374870","name":"laaconquija","image":{"@type":"ImageObject","inLanguage":"es","@id":"https:\/\/aconquija.fmmiradio.com\/#\/schema\/person\/image\/","url":"https:\/\/secure.gravatar.com\/avatar\/44f4423b099f16a112aea17b0ad205d3?s=96&d=mm&r=g","contentUrl":"https:\/\/secure.gravatar.com\/avatar\/44f4423b099f16a112aea17b0ad205d3?s=96&d=mm&r=g","caption":"laaconquija"},"url":"https:\/\/aconquija.fmmiradio.com\/?author=4"}]}},"_links":{"self":[{"href":"https:\/\/aconquija.fmmiradio.com\/index.php?rest_route=\/wp\/v2\/posts\/1751"}],"collection":[{"href":"https:\/\/aconquija.fmmiradio.com\/index.php?rest_route=\/wp\/v2\/posts"}],"about":[{"href":"https:\/\/aconquija.fmmiradio.com\/index.php?rest_route=\/wp\/v2\/types\/post"}],"author":[{"embeddable":true,"href":"https:\/\/aconquija.fmmiradio.com\/index.php?rest_route=\/wp\/v2\/users\/4"}],"replies":[{"embeddable":true,"href":"https:\/\/aconquija.fmmiradio.com\/index.php?rest_route=%2Fwp%2Fv2%2Fcomments&post=1751"}],"version-history":[{"count":1,"href":"https:\/\/aconquija.fmmiradio.com\/index.php?rest_route=\/wp\/v2\/posts\/1751\/revisions"}],"predecessor-version":[{"id":1753,"href":"https:\/\/aconquija.fmmiradio.com\/index.php?rest_route=\/wp\/v2\/posts\/1751\/revisions\/1753"}],"wp:attachment":[{"href":"https:\/\/aconquija.fmmiradio.com\/index.php?rest_route=%2Fwp%2Fv2%2Fmedia&parent=1751"}],"wp:term":[{"taxonomy":"category","embeddable":true,"href":"https:\/\/aconquija.fmmiradio.com\/index.php?rest_route=%2Fwp%2Fv2%2Fcategories&post=1751"},{"taxonomy":"post_tag","embeddable":true,"href":"https:\/\/aconquija.fmmiradio.com\/index.php?rest_route=%2Fwp%2Fv2%2Ftags&post=1751"}],"curies":[{"name":"wp","href":"https:\/\/api.w.org\/{rel}","templated":true}]}}