{"id":1767,"date":"2023-06-06T19:32:40","date_gmt":"2023-06-06T22:32:40","guid":{"rendered":"https:\/\/aconquija.fmmiradio.com\/?p=1767"},"modified":"2023-06-06T19:32:42","modified_gmt":"2023-06-06T22:32:42","slug":"donde-voto-este-domingo","status":"publish","type":"post","link":"https:\/\/aconquija.fmmiradio.com\/?p=1767","title":{"rendered":"\u00bfD\u00f3nde voto este domingo?"},"content":{"rendered":"\n<figure class=\"wp-block-image size-full\"><img loading=\"lazy\" decoding=\"async\" width=\"416\" height=\"234\" src=\"https:\/\/aconquija.fmmiradio.com\/wp-content\/uploads\/2023\/06\/elecciones-2021_416x234.jpg\" alt=\"\" class=\"wp-image-1768\" srcset=\"https:\/\/aconquija.fmmiradio.com\/wp-content\/uploads\/2023\/06\/elecciones-2021_416x234.jpg 416w, https:\/\/aconquija.fmmiradio.com\/wp-content\/uploads\/2023\/06\/elecciones-2021_416x234-300x169.jpg 300w\" sizes=\"(max-width: 416px) 100vw, 416px\" \/><\/figure>\n\n\n\n<p>La Junta Electoral de Tucum\u00e1n record\u00f3 a los sufragantes que se encuentra habilitado el sitio web para consultar el lugar donde podr\u00e1n emitir su voto el pr\u00f3ximo domingo 11 de Junio: <\/p>\n\n\n\n<p><a href=\"https:\/\/sigel.electoraltucuman.gob.ar:8443\/consulta\/servlet\/electorconsulta\">https:\/\/sigel.electoraltucuman.gob.ar:8443\/consulta\/servlet\/electorconsulta<\/a><\/p>\n","protected":false},"excerpt":{"rendered":"<p>La Junta Electoral de Tucum\u00e1n record\u00f3 a los sufragantes que se encuentra habilitado el sitio web para consultar el lugar donde podr\u00e1n emitir su voto el pr\u00f3ximo domingo 11 de Junio: https:\/\/sigel.electoraltucuman.gob.ar:8443\/consulta\/servlet\/electorconsulta<\/p>\n","protected":false},"author":4,"featured_media":0,"comment_status":"open","ping_status":"open","sticky":false,"template":"","format":"standard","meta":{"footnotes":""},"categories":[66,101,105],"tags":[199,200,201,127,198],"class_list":["post-1767","post","type-post","status-publish","format-standard","","category-nacionales","category-provincias","category-region","tag-domingo","tag-elecciones","tag-junta-electoral","tag-tucuman","tag-voto"],"yoast_head":"<!-- This site is optimized with the Yoast SEO plugin v19.9 - https:\/\/yoast.com\/wordpress\/plugins\/seo\/ -->\n<title>\u00bfD\u00f3nde voto este domingo? - PORTAL NOTICIAS<\/title>\n<meta name=\"robots\" content=\"index, follow, max-snippet:-1, max-image-preview:large, max-video-preview:-1\" \/>\n<link rel=\"canonical\" href=\"https:\/\/aconquija.fmmiradio.com\/?p=1767\" \/>\n<meta property=\"og:locale\" content=\"es_ES\" \/>\n<meta property=\"og:type\" content=\"article\" \/>\n<meta property=\"og:title\" content=\"\u00bfD\u00f3nde voto este domingo? - PORTAL NOTICIAS\" \/>\n<meta property=\"og:description\" content=\"La Junta Electoral de Tucum\u00e1n record\u00f3 a los sufragantes que se encuentra habilitado el sitio web para consultar el lugar donde podr\u00e1n emitir su voto el pr\u00f3ximo domingo 11 de Junio: https:\/\/sigel.electoraltucuman.gob.ar:8443\/consulta\/servlet\/electorconsulta\" \/>\n<meta property=\"og:url\" content=\"https:\/\/aconquija.fmmiradio.com\/?p=1767\" \/>\n<meta property=\"og:site_name\" content=\"PORTAL NOTICIAS\" \/>\n<meta property=\"article:published_time\" content=\"2023-06-06T22:32:40+00:00\" \/>\n<meta property=\"article:modified_time\" content=\"2023-06-06T22:32:42+00:00\" \/>\n<meta property=\"og:image\" content=\"https:\/\/aconquija.fmmiradio.com\/wp-content\/uploads\/2023\/06\/elecciones-2021_416x234.jpg\" \/>\n<meta name=\"author\" content=\"laaconquija\" \/>\n<meta name=\"twitter:card\" content=\"summary_large_image\" \/>\n<meta name=\"twitter:label1\" content=\"Escrito por\" \/>\n\t<meta name=\"twitter:data1\" content=\"laaconquija\" \/>\n\t<meta name=\"twitter:label2\" content=\"Tiempo de lectura\" \/>\n\t<meta name=\"twitter:data2\" content=\"1 minuto\" \/>\n<script type=\"application\/ld+json\" class=\"yoast-schema-graph\">{\"@context\":\"https:\/\/schema.org\",\"@graph\":[{\"@type\":\"WebPage\",\"@id\":\"https:\/\/aconquija.fmmiradio.com\/?p=1767\",\"url\":\"https:\/\/aconquija.fmmiradio.com\/?p=1767\",\"name\":\"\u00bfD\u00f3nde voto este domingo? - PORTAL NOTICIAS\",\"isPartOf\":{\"@id\":\"https:\/\/aconquija.fmmiradio.com\/#website\"},\"datePublished\":\"2023-06-06T22:32:40+00:00\",\"dateModified\":\"2023-06-06T22:32:42+00:00\",\"author\":{\"@id\":\"https:\/\/aconquija.fmmiradio.com\/#\/schema\/person\/de2d4f9f3072a99cc35eee3b24374870\"},\"breadcrumb\":{\"@id\":\"https:\/\/aconquija.fmmiradio.com\/?p=1767#breadcrumb\"},\"inLanguage\":\"es\",\"potentialAction\":[{\"@type\":\"ReadAction\",\"target\":[\"https:\/\/aconquija.fmmiradio.com\/?p=1767\"]}]},{\"@type\":\"BreadcrumbList\",\"@id\":\"https:\/\/aconquija.fmmiradio.com\/?p=1767#breadcrumb\",\"itemListElement\":[{\"@type\":\"ListItem\",\"position\":1,\"name\":\"Portada\",\"item\":\"https:\/\/aconquija.fmmiradio.com\/\"},{\"@type\":\"ListItem\",\"position\":2,\"name\":\"\u00bfD\u00f3nde voto este domingo?\"}]},{\"@type\":\"WebSite\",\"@id\":\"https:\/\/aconquija.fmmiradio.com\/#website\",\"url\":\"https:\/\/aconquija.fmmiradio.com\/\",\"name\":\"PORTAL NOTICIAS\",\"description\":\"\",\"potentialAction\":[{\"@type\":\"SearchAction\",\"target\":{\"@type\":\"EntryPoint\",\"urlTemplate\":\"https:\/\/aconquija.fmmiradio.com\/?s={search_term_string}\"},\"query-input\":\"required name=search_term_string\"}],\"inLanguage\":\"es\"},{\"@type\":\"Person\",\"@id\":\"https:\/\/aconquija.fmmiradio.com\/#\/schema\/person\/de2d4f9f3072a99cc35eee3b24374870\",\"name\":\"laaconquija\",\"image\":{\"@type\":\"ImageObject\",\"inLanguage\":\"es\",\"@id\":\"https:\/\/aconquija.fmmiradio.com\/#\/schema\/person\/image\/\",\"url\":\"https:\/\/secure.gravatar.com\/avatar\/44f4423b099f16a112aea17b0ad205d3?s=96&d=mm&r=g\",\"contentUrl\":\"https:\/\/secure.gravatar.com\/avatar\/44f4423b099f16a112aea17b0ad205d3?s=96&d=mm&r=g\",\"caption\":\"laaconquija\"},\"url\":\"https:\/\/aconquija.fmmiradio.com\/?author=4\"}]}<\/script>\n<!-- \/ Yoast SEO plugin. -->","yoast_head_json":{"title":"\u00bfD\u00f3nde voto este domingo? - PORTAL NOTICIAS","robots":{"index":"index","follow":"follow","max-snippet":"max-snippet:-1","max-image-preview":"max-image-preview:large","max-video-preview":"max-video-preview:-1"},"canonical":"https:\/\/aconquija.fmmiradio.com\/?p=1767","og_locale":"es_ES","og_type":"article","og_title":"\u00bfD\u00f3nde voto este domingo? - PORTAL NOTICIAS","og_description":"La Junta Electoral de Tucum\u00e1n record\u00f3 a los sufragantes que se encuentra habilitado el sitio web para consultar el lugar donde podr\u00e1n emitir su voto el pr\u00f3ximo domingo 11 de Junio: https:\/\/sigel.electoraltucuman.gob.ar:8443\/consulta\/servlet\/electorconsulta","og_url":"https:\/\/aconquija.fmmiradio.com\/?p=1767","og_site_name":"PORTAL NOTICIAS","article_published_time":"2023-06-06T22:32:40+00:00","article_modified_time":"2023-06-06T22:32:42+00:00","og_image":[{"url":"https:\/\/aconquija.fmmiradio.com\/wp-content\/uploads\/2023\/06\/elecciones-2021_416x234.jpg"}],"author":"laaconquija","twitter_card":"summary_large_image","twitter_misc":{"Escrito por":"laaconquija","Tiempo de lectura":"1 minuto"},"schema":{"@context":"https:\/\/schema.org","@graph":[{"@type":"WebPage","@id":"https:\/\/aconquija.fmmiradio.com\/?p=1767","url":"https:\/\/aconquija.fmmiradio.com\/?p=1767","name":"\u00bfD\u00f3nde voto este domingo? - PORTAL NOTICIAS","isPartOf":{"@id":"https:\/\/aconquija.fmmiradio.com\/#website"},"datePublished":"2023-06-06T22:32:40+00:00","dateModified":"2023-06-06T22:32:42+00:00","author":{"@id":"https:\/\/aconquija.fmmiradio.com\/#\/schema\/person\/de2d4f9f3072a99cc35eee3b24374870"},"breadcrumb":{"@id":"https:\/\/aconquija.fmmiradio.com\/?p=1767#breadcrumb"},"inLanguage":"es","potentialAction":[{"@type":"ReadAction","target":["https:\/\/aconquija.fmmiradio.com\/?p=1767"]}]},{"@type":"BreadcrumbList","@id":"https:\/\/aconquija.fmmiradio.com\/?p=1767#breadcrumb","itemListElement":[{"@type":"ListItem","position":1,"name":"Portada","item":"https:\/\/aconquija.fmmiradio.com\/"},{"@type":"ListItem","position":2,"name":"\u00bfD\u00f3nde voto este domingo?"}]},{"@type":"WebSite","@id":"https:\/\/aconquija.fmmiradio.com\/#website","url":"https:\/\/aconquija.fmmiradio.com\/","name":"PORTAL NOTICIAS","description":"","potentialAction":[{"@type":"SearchAction","target":{"@type":"EntryPoint","urlTemplate":"https:\/\/aconquija.fmmiradio.com\/?s={search_term_string}"},"query-input":"required name=search_term_string"}],"inLanguage":"es"},{"@type":"Person","@id":"https:\/\/aconquija.fmmiradio.com\/#\/schema\/person\/de2d4f9f3072a99cc35eee3b24374870","name":"laaconquija","image":{"@type":"ImageObject","inLanguage":"es","@id":"https:\/\/aconquija.fmmiradio.com\/#\/schema\/person\/image\/","url":"https:\/\/secure.gravatar.com\/avatar\/44f4423b099f16a112aea17b0ad205d3?s=96&d=mm&r=g","contentUrl":"https:\/\/secure.gravatar.com\/avatar\/44f4423b099f16a112aea17b0ad205d3?s=96&d=mm&r=g","caption":"laaconquija"},"url":"https:\/\/aconquija.fmmiradio.com\/?author=4"}]}},"_links":{"self":[{"href":"https:\/\/aconquija.fmmiradio.com\/index.php?rest_route=\/wp\/v2\/posts\/1767"}],"collection":[{"href":"https:\/\/aconquija.fmmiradio.com\/index.php?rest_route=\/wp\/v2\/posts"}],"about":[{"href":"https:\/\/aconquija.fmmiradio.com\/index.php?rest_route=\/wp\/v2\/types\/post"}],"author":[{"embeddable":true,"href":"https:\/\/aconquija.fmmiradio.com\/index.php?rest_route=\/wp\/v2\/users\/4"}],"replies":[{"embeddable":true,"href":"https:\/\/aconquija.fmmiradio.com\/index.php?rest_route=%2Fwp%2Fv2%2Fcomments&post=1767"}],"version-history":[{"count":1,"href":"https:\/\/aconquija.fmmiradio.com\/index.php?rest_route=\/wp\/v2\/posts\/1767\/revisions"}],"predecessor-version":[{"id":1769,"href":"https:\/\/aconquija.fmmiradio.com\/index.php?rest_route=\/wp\/v2\/posts\/1767\/revisions\/1769"}],"wp:attachment":[{"href":"https:\/\/aconquija.fmmiradio.com\/index.php?rest_route=%2Fwp%2Fv2%2Fmedia&parent=1767"}],"wp:term":[{"taxonomy":"category","embeddable":true,"href":"https:\/\/aconquija.fmmiradio.com\/index.php?rest_route=%2Fwp%2Fv2%2Fcategories&post=1767"},{"taxonomy":"post_tag","embeddable":true,"href":"https:\/\/aconquija.fmmiradio.com\/index.php?rest_route=%2Fwp%2Fv2%2Ftags&post=1767"}],"curies":[{"name":"wp","href":"https:\/\/api.w.org\/{rel}","templated":true}]}}